{"id":8192,"date":"2026-01-15T18:56:26","date_gmt":"2026-01-15T17:56:26","guid":{"rendered":"https:\/\/iicalgeri.esteri.it\/?p=8192"},"modified":"2026-01-15T18:56:26","modified_gmt":"2026-01-15T17:56:26","slug":"8192","status":"publish","type":"post","link":"https:\/\/iicalgeri.esteri.it\/it\/news\/dall_istituto\/2026\/01\/8192\/","title":{"rendered":""},"content":{"rendered":"<div>L\u2019Institut Culturel Italien d&#8217;Alger, en partenariat avec l\u2019Agence Alg\u00e9rienne pour le Rayonnement Culturel, et en collaboration avec les Directions de la Culture et des Arts des wilayas de Tlemcen et de Sidi Bel Abb\u00e8s, organise les rencontres po\u00e9tiques\u00a0<b>\u00ab Po\u00e8tes des deux rives \u00bb<\/b>, du\u00a0<b>15 au 20 janvier 2026<\/b>.<\/div>\n<div><\/div>\n<div><b>Au programme\u00a0<\/b><\/div>\n<div><\/div>\n<div>\u2013 Conf\u00e9rence :\u00a0<i>\u00ab La Parole, carrefour entre l\u2019Alg\u00e9rie et l\u2019Italie \u00bb<\/i>, par l\u2019\u00e9crivaine et traductrice\u00a0<b>Amal Bouchareb.<\/b><br \/>\n\u2013 D\u00e9clamations po\u00e9tiques alg\u00e9riennes et italiennes par les po\u00e8tes\u00a0<b>Lamis Saidi, Khaled Ben Saleh, Flaminia Cruciani, Emilio Nigro.<\/b><br \/>\n\u2013 Spectacle musical issu du patrimoine alg\u00e9rien et Italien.<\/div>\n<div><\/div>\n<div><b>Dates et lieux<\/b><\/div>\n<div>15 janvier 2026 \u00e0 15h00 \u2013 Palais de la Culture Abdelkrim Dali, Tlemcen<br \/>\n17 janvier 2026 \u00e0 15h00 \u2013 Biblioth\u00e8que Centrale Mohamed Kabati, Sidi Bel Abb\u00e8s<br \/>\n20 janvier 2026 \u00e0 15h00 \u2013 Dar Abdelatif, El Hamma, Alger.<\/div>\n","protected":false},"excerpt":{"rendered":"L\u2019Institut Culturel Italien d&#8217;Alger, en partenariat avec l\u2019Agence Alg\u00e9rienne pour le Rayonnement Culturel, et en collaboration avec les Directions de la Culture et des Arts des wilayas de Tlemcen et de Sidi Bel Abb\u00e8s, organise les rencontres po\u00e9tiques\u00a0\u00ab Po\u00e8tes des deux rives \u00bb, du\u00a015 au 20 janvier 2026. Au programme\u00a0 \u2013 Conf\u00e9rence :\u00a0\u00ab La Parole, [&hellip;]","protected":false},"author":3,"featured_media":0,"comment_status":"closed","ping_status":"closed","sticky":false,"template":"","format":"standard","meta":{"footnotes":""},"tags":[],"class_list":["post-8192","post","type-post","status-publish","format-standard","hentry"],"_links":{"self":[{"href":"https:\/\/iicalgeri.esteri.it\/it\/wp-json\/wp\/v2\/posts\/8192","targetHints":{"allow":["GET"]}}],"collection":[{"href":"https:\/\/iicalgeri.esteri.it\/it\/wp-json\/wp\/v2\/posts"}],"about":[{"href":"https:\/\/iicalgeri.esteri.it\/it\/wp-json\/wp\/v2\/types\/post"}],"author":[{"embeddable":true,"href":"https:\/\/iicalgeri.esteri.it\/it\/wp-json\/wp\/v2\/users\/3"}],"replies":[{"embeddable":true,"href":"https:\/\/iicalgeri.esteri.it\/it\/wp-json\/wp\/v2\/comments?post=8192"}],"version-history":[{"count":1,"href":"https:\/\/iicalgeri.esteri.it\/it\/wp-json\/wp\/v2\/posts\/8192\/revisions"}],"predecessor-version":[{"id":8195,"href":"https:\/\/iicalgeri.esteri.it\/it\/wp-json\/wp\/v2\/posts\/8192\/revisions\/8195"}],"wp:attachment":[{"href":"https:\/\/iicalgeri.esteri.it\/it\/wp-json\/wp\/v2\/media?parent=8192"}],"wp:term":[{"taxonomy":"post_tag","embeddable":true,"href":"https:\/\/iicalgeri.esteri.it\/it\/wp-json\/wp\/v2\/tags?post=8192"}],"curies":[{"name":"wp","href":"https:\/\/api.w.org\/{rel}","templated":true}]}}