{"id":4359,"date":"2024-10-13T14:29:07","date_gmt":"2024-10-13T13:29:07","guid":{"rendered":"https:\/\/iicalgeri.esteri.it\/?p=4359"},"modified":"2024-10-13T14:29:30","modified_gmt":"2024-10-13T13:29:30","slug":"xxiv-settimana-della-lingua-italiana-nel-mondo-dal-14-al-20-ottobre-2024","status":"publish","type":"post","link":"https:\/\/iicalgeri.esteri.it\/it\/news\/dall_istituto\/2024\/10\/xxiv-settimana-della-lingua-italiana-nel-mondo-dal-14-al-20-ottobre-2024\/","title":{"rendered":"XXIV &#8211; Settimana della Lingua Italiana nel Mondo &#8211; dal 14 al 20 ottobre 2024"},"content":{"rendered":"<p>&#8220;L&#8217;italiano e il libro: il mondo fra le righe&#8221;<\/p>\n<p>La XXIV Settimana della Lingua Italiana nel Mondo si svolger\u00e0 dal 14 al 20 ottobre 2024 ed \u00e8 organizzata dall&#8217;Ambasciata d&#8217;Italia in Algeria e dall&#8217;Istituto Italiano di Cultura di Algeri, in collaborazione con l&#8217;Ambasciata Svizzera in Algeria. Il tema di quest&#8217;edizione \u00e9 <strong>&#8220;L&#8217;italiano e il libro: il mondo fra le righe&#8221;<\/strong>. L&#8217;evento mira a esplorare i legami tra lingua e letteratura nel contesto attuale, mettendo in evidenza il ruolo essenziale del <strong>libro come strumento di trasmissione del patrimonio culturale, dei valori e dell&#8217;identit\u00e0 italiana<\/strong>.<\/p>\n<p>Questa iniziativa rientra nell&#8217;ambito della celebrazione annuale, che cerca di rafforzare la consapevolezza dell&#8217;importanza della lingua e della cultura italiane come mezzo per promuovere l&#8217;immagine dell&#8217;Italia a livello globale. Sotto l&#8217;Alto Patronato del Presidente della Repubblica, questa settimana \u00e8 organizzata dal 2000 dal Ministero degli Affari Esteri e della Cooperazione Internazionale, in collaborazione con la rete diplomatica e consolare delle ambasciate e dei consolati, nonch\u00e9 con gli Istituti Italiani di Cultura, in partnership con il Ministero della Cultura, il Ministero dell&#8217;Istruzione e le universit\u00e0, principali attori nella promozione della lingua italiana a livello internazionale, Accademia della Crusca, Comunit\u00e0 Radiotelevisiva Italofona, RAI, Societ\u00e0 Dante Alighieri e Treccani).<\/p>\n","protected":false},"excerpt":{"rendered":"&#8220;L&#8217;italiano e il libro: il mondo fra le righe&#8221; La XXIV Settimana della Lingua Italiana nel Mondo si svolger\u00e0 dal 14 al 20 ottobre 2024 ed \u00e8 organizzata dall&#8217;Ambasciata d&#8217;Italia in Algeria e dall&#8217;Istituto Italiano di Cultura di Algeri, in collaborazione con l&#8217;Ambasciata Svizzera in Algeria. Il tema di quest&#8217;edizione \u00e9 &#8220;L&#8217;italiano e il libro: [&hellip;]","protected":false},"author":12,"featured_media":4337,"comment_status":"closed","ping_status":"closed","sticky":false,"template":"","format":"standard","meta":{"footnotes":""},"tags":[5],"class_list":["post-4359","post","type-post","status-publish","format-standard","has-post-thumbnail","hentry","tag-settimana-della-lingua-italiana-nel-mondo"],"_links":{"self":[{"href":"https:\/\/iicalgeri.esteri.it\/it\/wp-json\/wp\/v2\/posts\/4359","targetHints":{"allow":["GET"]}}],"collection":[{"href":"https:\/\/iicalgeri.esteri.it\/it\/wp-json\/wp\/v2\/posts"}],"about":[{"href":"https:\/\/iicalgeri.esteri.it\/it\/wp-json\/wp\/v2\/types\/post"}],"author":[{"embeddable":true,"href":"https:\/\/iicalgeri.esteri.it\/it\/wp-json\/wp\/v2\/users\/12"}],"replies":[{"embeddable":true,"href":"https:\/\/iicalgeri.esteri.it\/it\/wp-json\/wp\/v2\/comments?post=4359"}],"version-history":[{"count":1,"href":"https:\/\/iicalgeri.esteri.it\/it\/wp-json\/wp\/v2\/posts\/4359\/revisions"}],"predecessor-version":[{"id":4361,"href":"https:\/\/iicalgeri.esteri.it\/it\/wp-json\/wp\/v2\/posts\/4359\/revisions\/4361"}],"wp:featuredmedia":[{"embeddable":true,"href":"https:\/\/iicalgeri.esteri.it\/it\/wp-json\/wp\/v2\/media\/4337"}],"wp:attachment":[{"href":"https:\/\/iicalgeri.esteri.it\/it\/wp-json\/wp\/v2\/media?parent=4359"}],"wp:term":[{"taxonomy":"post_tag","embeddable":true,"href":"https:\/\/iicalgeri.esteri.it\/it\/wp-json\/wp\/v2\/tags?post=4359"}],"curies":[{"name":"wp","href":"https:\/\/api.w.org\/{rel}","templated":true}]}}