{"id":3549,"date":"2024-04-22T12:44:00","date_gmt":"2024-04-22T11:44:00","guid":{"rendered":"https:\/\/iicalgeri.esteri.it\/?p=3549"},"modified":"2024-04-25T11:32:44","modified_gmt":"2024-04-25T10:32:44","slug":"festival-del-cinema-internazionale-di-annaba","status":"publish","type":"post","link":"https:\/\/iicalgeri.esteri.it\/it\/news\/dall_istituto\/2024\/04\/festival-del-cinema-internazionale-di-annaba\/","title":{"rendered":"Festival del Cinema Internazionale di Annaba"},"content":{"rendered":"<p>L&#8217;Istituto Italiano di Cultura di Algeri \u00e8 lieto di annunciare la partecipazione italiana alla quarta edizione del <strong>Festival del Cinema Internazionale di Annaba<\/strong>, in programmazione dal 24 al 30 aprile ad Annaba.<\/p>\n<p>L&#8217;Italia sar\u00e0 presente i seguenti giorni:<\/p>\n<ul>\n<li>mercoled\u00ec 24 aprile, ore 21:00 &#8211; Il sol dell&#8217;avvenire, di Nanni Moretti;<\/li>\n<li>venerd\u00ec 26 aprile, ore 11:00 &#8211; Grazia Deledda, la rivoluzionaria, di Cecilia Mangini e Paolo Pisanelli;<\/li>\n<li>venerd\u00ec 26 aprile, ore 16:00 &#8211; Mur, di Kasia Smutniak;<\/li>\n<li>sabato 27 aprile, ore 14:00 &#8211; La seconda via, di Alessandro Garilli;<\/li>\n<li>sabato 27 aprile, ore 19:00 &#8211; Sarura, di Nicola Zambelli;<\/li>\n<li>domenica 28 aprile, ore 18:00 &#8211; Io Capitano, di Matteo Garrone.<\/li>\n<\/ul>\n<p>&nbsp;<\/p>\n","protected":false},"excerpt":{"rendered":"L&#8217;Istituto Italiano di Cultura di Algeri \u00e8 lieto di annunciare la partecipazione italiana alla quarta edizione del Festival del Cinema Internazionale di Annaba, in programmazione dal 24 al 30 aprile ad Annaba. L&#8217;Italia sar\u00e0 presente i seguenti giorni: mercoled\u00ec 24 aprile, ore 21:00 &#8211; Il sol dell&#8217;avvenire, di Nanni Moretti; venerd\u00ec 26 aprile, ore 11:00 [&hellip;]","protected":false},"author":4,"featured_media":0,"comment_status":"closed","ping_status":"closed","sticky":false,"template":"","format":"standard","meta":{"footnotes":""},"tags":[],"class_list":["post-3549","post","type-post","status-publish","format-standard","hentry"],"_links":{"self":[{"href":"https:\/\/iicalgeri.esteri.it\/it\/wp-json\/wp\/v2\/posts\/3549","targetHints":{"allow":["GET"]}}],"collection":[{"href":"https:\/\/iicalgeri.esteri.it\/it\/wp-json\/wp\/v2\/posts"}],"about":[{"href":"https:\/\/iicalgeri.esteri.it\/it\/wp-json\/wp\/v2\/types\/post"}],"author":[{"embeddable":true,"href":"https:\/\/iicalgeri.esteri.it\/it\/wp-json\/wp\/v2\/users\/4"}],"replies":[{"embeddable":true,"href":"https:\/\/iicalgeri.esteri.it\/it\/wp-json\/wp\/v2\/comments?post=3549"}],"version-history":[{"count":3,"href":"https:\/\/iicalgeri.esteri.it\/it\/wp-json\/wp\/v2\/posts\/3549\/revisions"}],"predecessor-version":[{"id":3554,"href":"https:\/\/iicalgeri.esteri.it\/it\/wp-json\/wp\/v2\/posts\/3549\/revisions\/3554"}],"wp:attachment":[{"href":"https:\/\/iicalgeri.esteri.it\/it\/wp-json\/wp\/v2\/media?parent=3549"}],"wp:term":[{"taxonomy":"post_tag","embeddable":true,"href":"https:\/\/iicalgeri.esteri.it\/it\/wp-json\/wp\/v2\/tags?post=3549"}],"curies":[{"name":"wp","href":"https:\/\/api.w.org\/{rel}","templated":true}]}}