{"id":2779,"date":"2024-02-07T16:32:18","date_gmt":"2024-02-07T15:32:18","guid":{"rendered":"https:\/\/iicalgeri.esteri.it\/?p=2779"},"modified":"2024-02-12T11:31:30","modified_gmt":"2024-02-12T10:31:30","slug":"giornate-informative-universita-di-bologna","status":"publish","type":"post","link":"https:\/\/iicalgeri.esteri.it\/it\/news\/dall_istituto\/2024\/02\/giornate-informative-universita-di-bologna\/","title":{"rendered":"Giornate informative &#8211; Universit\u00e0 di Bologna"},"content":{"rendered":"<p>L&#8217;istituto Italiano di Cultura ha l&#8217;onore di segnalare a tutti gli interessati <strong>due giornate di orientamento online dell&#8217;Universit\u00e0 di Bologna<\/strong>, una delle pi\u00f9 antiche al mondo e tra le pi\u00f9 prestigiose e riconosciute in Italia. Oltre ai <strong>corsi di studio<\/strong> dell&#8217;Universit\u00e0, gli argomenti saranno le <strong>modalit\u00e0 di accesso, le procedure di immatricolazione, le borse di studio offerte e i servizi disponibili<\/strong>.<\/p>\n<p>Gli studenti potranno inoltre partecipare in diretta ad una vera lezione universitaria e confrontarsi con docenti e studenti internazionali iscritti presso l&#8217;Universit\u00e0 di Bologna.<\/p>\n<p>La prima iniziativa in programma \u00e8 la <strong>Virtual Fair &#8211; Bachelors<\/strong>, il <strong>27 e 28 febbraio 2024, online, dalle 10 alle 17<\/strong>, per chi \u00e9 interessato a una<br \/>\nLaurea Triennale: <a href=\"https:\/\/almaorienta.unibo.it\/en\/events-calendar\/virtual-fair-2024-bachelors\">https:\/\/almaorienta.unibo.it\/en\/events-calendar\/virtual-fair-2024-bachelors<\/a><\/p>\n<p>La seconda attivit\u00e0 prevista \u00e8 la <strong>Virtual Fair &#8211; Masters<\/strong>, il <strong>29 febbraio 2024, online, dalle 10 alle 17<\/strong>, per chi \u00e9 interessato a una\u00a0Laurea Magistrale: \u00a0<a href=\"https:\/\/almaorienta.unibo.it\/en\/events-calendar\/virtual-fair-2024-masters\">https:\/\/almaorienta.unibo.it\/en\/events-calendar\/virtual-fair-2024-masters<\/a><\/p>\n<p>Gli eventi sono gratuiti, ma \u00e8 <strong>necessaria la registrazione<\/strong> ai link indicati sopra &#8211; <strong>prima dell&#8217;inizio dell&#8217;evento<\/strong>.<\/p>\n<p><strong>Le lingue di entrambe le iniziative saranno l\u2019italiano e l\u2019inglese.<\/strong><\/p>\n","protected":false},"excerpt":{"rendered":"L&#8217;istituto Italiano di Cultura ha l&#8217;onore di segnalare a tutti gli interessati due giornate di orientamento online dell&#8217;Universit\u00e0 di Bologna, una delle pi\u00f9 antiche al mondo e tra le pi\u00f9 prestigiose e riconosciute in Italia. Oltre ai corsi di studio dell&#8217;Universit\u00e0, gli argomenti saranno le modalit\u00e0 di accesso, le procedure di immatricolazione, le borse di [&hellip;]","protected":false},"author":12,"featured_media":2816,"comment_status":"closed","ping_status":"closed","sticky":false,"template":"","format":"standard","meta":{"footnotes":""},"tags":[],"class_list":["post-2779","post","type-post","status-publish","format-standard","has-post-thumbnail","hentry"],"_links":{"self":[{"href":"https:\/\/iicalgeri.esteri.it\/it\/wp-json\/wp\/v2\/posts\/2779","targetHints":{"allow":["GET"]}}],"collection":[{"href":"https:\/\/iicalgeri.esteri.it\/it\/wp-json\/wp\/v2\/posts"}],"about":[{"href":"https:\/\/iicalgeri.esteri.it\/it\/wp-json\/wp\/v2\/types\/post"}],"author":[{"embeddable":true,"href":"https:\/\/iicalgeri.esteri.it\/it\/wp-json\/wp\/v2\/users\/12"}],"replies":[{"embeddable":true,"href":"https:\/\/iicalgeri.esteri.it\/it\/wp-json\/wp\/v2\/comments?post=2779"}],"version-history":[{"count":3,"href":"https:\/\/iicalgeri.esteri.it\/it\/wp-json\/wp\/v2\/posts\/2779\/revisions"}],"predecessor-version":[{"id":2810,"href":"https:\/\/iicalgeri.esteri.it\/it\/wp-json\/wp\/v2\/posts\/2779\/revisions\/2810"}],"wp:featuredmedia":[{"embeddable":true,"href":"https:\/\/iicalgeri.esteri.it\/it\/wp-json\/wp\/v2\/media\/2816"}],"wp:attachment":[{"href":"https:\/\/iicalgeri.esteri.it\/it\/wp-json\/wp\/v2\/media?parent=2779"}],"wp:term":[{"taxonomy":"post_tag","embeddable":true,"href":"https:\/\/iicalgeri.esteri.it\/it\/wp-json\/wp\/v2\/tags?post=2779"}],"curies":[{"name":"wp","href":"https:\/\/api.w.org\/{rel}","templated":true}]}}