{"id":2393,"date":"2024-01-14T11:57:49","date_gmt":"2024-01-14T10:57:49","guid":{"rendered":"https:\/\/iicalgeri.esteri.it\/?p=2393"},"modified":"2024-01-16T13:20:20","modified_gmt":"2024-01-16T12:20:20","slug":"progetto-della-residenza-calvino-a-dar-abdelatif-con-ginevra-latini","status":"publish","type":"post","link":"https:\/\/iicalgeri.esteri.it\/it\/news\/dall_istituto\/2024\/01\/progetto-della-residenza-calvino-a-dar-abdelatif-con-ginevra-latini\/","title":{"rendered":"Premio Residenza Calvino a Dar Abdelatif con Ginevra Latini"},"content":{"rendered":"<p style=\"text-align: center;\"><strong>Premio \u201cResidenza Calvino\u201d a Dar Abdelatif<\/strong><\/p>\n<p style=\"text-align: center;\"><strong>Ginevra Latini<\/strong><\/p>\n<p style=\"text-align: center;\"><strong>10 gennaio &#8211; 10 febbraio 2024<\/strong><\/p>\n<p style=\"text-align: center;\"><strong>Dar Abdelatif \u2013 AARC<\/strong><\/p>\n<p><strong>\u00a0<\/strong><\/p>\n<p>Nel corso di numerosi convegni organizzati quest\u2019anno per celebrare il centenario della nascita di Calvino, \u00e8 stato dimostrato che lo scrittore italiano \u00e8, ancora oggi, un modello mondiale di scrittura di racconti e romanzi. Ma \u00e8, prima di tutto, un intellettuale importante per alcune riflessioni che riguardano altre discipline oltre alla letteratura come le arti, la tecnologia.<\/p>\n<p>L\u2019Istituto Italiano di Cultura di Algeri in collaborazione con l\u2019Agenzia Algerina per la Diffusione Culturale &#8211; AARC &#8211; ha il piacere di informarvi che nell\u2019ambito del Premio \u201cResidenza Calvino \u2013 Algeri\u201d dal 10 gennaio al 10 febbraio 2024, la scrittrice Ginevra Latini\u00a0 sar\u00e0 ospite presso Dar Abdelatif per svolgere una duplice ricerca, su:<\/p>\n<ol>\n<li>La ricezione di Calvino in Algeria<\/li>\n<li>L\u2019Algeria nella poetica di Calvino<\/li>\n<\/ol>\n<p>Tenendo presente da un lato l\u2019influenza di Calvino in ambienti e culture diversi dalla sua e, dall\u2019altro, il suo stimolo a far dialogare i saperi in una prospettiva interdisciplinare.<\/p>\n<p><strong>Nota sulla promotrice:<\/strong><\/p>\n<p>Ginevra Latini, dottoressa in Italianistica e ardente promotrice della lingua e della cultura italiana, ha conseguito il dottorato presso l\u2019Universit\u00e0 per Stranieri di Siena. La sua recente ricerca, dedicata all\u2019analisi della ricezione di Lucrezio, Ovidio e Plinio il Vecchio in Italo Calvino, \u00e8 stata recentemente pubblicata sotto forma di monografia da Pacini Editore. Nell\u2019ambito del Laboratorio Calvino presso l\u2019Universit\u00e0 degli Studi \u201cLa Sapienza\u201d di Roma, dove si \u00e8 anche laureata in Filologia moderna, ha arricchito il suo percorso accademico. Le sue pubblicazioni includono articoli su autori italiani ed europei del secondo Novecento, nonch\u00e9 traduzioni dal latino di alcune opere di Ovidio.<\/p>\n<p><strong>Nota sulla residenza:<\/strong><\/p>\n<p>La prima indagine mira a sviluppare uno studio inedito cercando di rispondere alle seguenti domande: quando e come sono arrivati in Algeria i libri di Calvino? Qual \u00e8 il libro pi\u00f9 letto? In quali lingue e in quali edizioni viene studiato Calvino? Quali aspetti della poetica calviniana hanno ispirato gli autori locali? Sar\u00e0 possibile rispondere a queste domande attraverso incontri con autori algerini, conferenze, tavole rotonde, podcast e video. Allo stesso tempo, sar\u00e0 possibile estendere questo metodo di indagine alle opere degli artisti che affermano di essersi ispirati a Italo Calvino.<\/p>\n<p>In secondo luogo, verr\u00e0 ricostruito il rapporto di Calvino con l\u2019Algeria. Al fine di consentire al pubblico pi\u00f9 ampio di beneficiare dei risultati della ricerca, saranno proposti incontri informativi con esperti e scrittori algerini sui risultati della ricerca stessa, una presentazione del lavoro di dottorato della signora Ginevra, recentemente pubblicato, e alcuni insegnamenti per corsi di Lingue e Letteratura Italiana delle Universit\u00e0 di Algeri. Si prevede inoltre di coinvolgere gli studenti di lingua italiana dell\u2019Istituto Italiano di Cultura leggendo e commentando passaggi di alcune opere di Calvino.<\/p>\n","protected":false},"excerpt":{"rendered":"Premio \u201cResidenza Calvino\u201d a Dar Abdelatif Ginevra Latini 10 gennaio &#8211; 10 febbraio 2024 Dar Abdelatif \u2013 AARC \u00a0 Nel corso di numerosi convegni organizzati quest\u2019anno per celebrare il centenario della nascita di Calvino, \u00e8 stato dimostrato che lo scrittore italiano \u00e8, ancora oggi, un modello mondiale di scrittura di racconti e romanzi. Ma \u00e8, [&hellip;]","protected":false},"author":4,"featured_media":2408,"comment_status":"closed","ping_status":"closed","sticky":false,"template":"","format":"standard","meta":{"footnotes":""},"tags":[],"class_list":["post-2393","post","type-post","status-publish","format-standard","has-post-thumbnail","hentry"],"_links":{"self":[{"href":"https:\/\/iicalgeri.esteri.it\/it\/wp-json\/wp\/v2\/posts\/2393","targetHints":{"allow":["GET"]}}],"collection":[{"href":"https:\/\/iicalgeri.esteri.it\/it\/wp-json\/wp\/v2\/posts"}],"about":[{"href":"https:\/\/iicalgeri.esteri.it\/it\/wp-json\/wp\/v2\/types\/post"}],"author":[{"embeddable":true,"href":"https:\/\/iicalgeri.esteri.it\/it\/wp-json\/wp\/v2\/users\/4"}],"replies":[{"embeddable":true,"href":"https:\/\/iicalgeri.esteri.it\/it\/wp-json\/wp\/v2\/comments?post=2393"}],"version-history":[{"count":6,"href":"https:\/\/iicalgeri.esteri.it\/it\/wp-json\/wp\/v2\/posts\/2393\/revisions"}],"predecessor-version":[{"id":2541,"href":"https:\/\/iicalgeri.esteri.it\/it\/wp-json\/wp\/v2\/posts\/2393\/revisions\/2541"}],"wp:featuredmedia":[{"embeddable":true,"href":"https:\/\/iicalgeri.esteri.it\/it\/wp-json\/wp\/v2\/media\/2408"}],"wp:attachment":[{"href":"https:\/\/iicalgeri.esteri.it\/it\/wp-json\/wp\/v2\/media?parent=2393"}],"wp:term":[{"taxonomy":"post_tag","embeddable":true,"href":"https:\/\/iicalgeri.esteri.it\/it\/wp-json\/wp\/v2\/tags?post=2393"}],"curies":[{"name":"wp","href":"https:\/\/api.w.org\/{rel}","templated":true}]}}