{"id":8409,"date":"2026-03-15T10:36:33","date_gmt":"2026-03-15T09:36:33","guid":{"rendered":"https:\/\/iicalgeri.esteri.it\/?p=8409"},"modified":"2026-03-23T10:20:27","modified_gmt":"2026-03-23T09:20:27","slug":"bourses-detudes-offertes-par-le-gouvernement-italien-aux-etudiants-etrangers-et-aux-italiens-residant-a-letranger-ire-2","status":"publish","type":"post","link":"https:\/\/iicalgeri.esteri.it\/fr\/news\/dall_istituto\/2026\/03\/bourses-detudes-offertes-par-le-gouvernement-italien-aux-etudiants-etrangers-et-aux-italiens-residant-a-letranger-ire-2\/","title":{"rendered":"Bourses d\u2019\u00e9tudes offertes par le Gouvernement italien aux \u00e9tudiants \u00e9trangers et aux Italiens r\u00e9sidant \u00e0 l\u2019\u00e9tranger (IRE)"},"content":{"rendered":"<p style=\"text-align: justify;\" data-start=\"0\" data-end=\"651\">L\u2019<strong data-start=\"2\" data-end=\"39\">Institut Culturel Italien d\u2019Alger<\/strong> a le plaisir d\u2019annoncer la publication de l\u2019appel \u00e0 candidatures pour les <strong data-start=\"114\" data-end=\"228\">bourses d\u2019\u00e9tudes offertes par le Minist\u00e8re des Affaires \u00e9trang\u00e8res et de la Coop\u00e9ration internationale (MAECI)<\/strong> en faveur des <strong data-start=\"243\" data-end=\"310\">\u00e9tudiants \u00e9trangers et des Italiens r\u00e9sidant \u00e0 l\u2019\u00e9tranger (IRE)<\/strong> pour <strong data-start=\"316\" data-end=\"348\">l\u2019ann\u00e9e acad\u00e9mique 2026-2027<\/strong>, dans le but de favoriser la coop\u00e9ration dans les domaines culturel, scientifique et technologique, la projection du syst\u00e8me \u00e9conomique italien dans le monde ainsi que la diffusion de la connaissance de la langue et de la culture italiennes (r\u00e9f. Loi 288\/55 et modifications et compl\u00e9ments successifs).<\/p>\n<p style=\"text-align: justify;\" data-start=\"653\" data-end=\"746\">La bourse d\u2019\u00e9tudes couvre uniquement la <strong data-start=\"693\" data-end=\"745\">fr\u00e9quentation de cours sur le territoire italien<\/strong>.<\/p>\n<p style=\"text-align: justify;\" data-start=\"748\" data-end=\"921\">L\u2019<strong data-start=\"750\" data-end=\"774\">appel \u00e0 candidatures<\/strong> ainsi que la <strong data-start=\"788\" data-end=\"839\">liste des pays\/autres territoires b\u00e9n\u00e9ficiaires<\/strong> sont disponibles \u00e0 la page suivante :<br data-start=\"877\" data-end=\"880\" \/><a class=\"decorated-link\" href=\"https:\/\/studyinitaly.esteri.it\/ListaBandi\" target=\"_new\" rel=\"noopener\" data-start=\"880\" data-end=\"921\">https:\/\/studyinitaly.esteri.it\/ListaBandi<\/a><\/p>\n<p style=\"text-align: justify;\" data-start=\"923\" data-end=\"1020\">Les candidats peuvent pr\u00e9senter leur candidature <strong data-start=\"972\" data-end=\"1019\">exclusivement via le portail Study in Italy<\/strong>.<\/p>\n<p style=\"text-align: justify;\" data-start=\"1022\" data-end=\"1139\" data-is-last-node=\"\" data-is-only-node=\"\">Les <strong data-start=\"1026\" data-end=\"1051\">candidatures en ligne<\/strong> doivent \u00eatre soumises <strong data-start=\"1074\" data-end=\"1138\">imp\u00e9rativement avant 14h00 (heure italienne) le 26 mars 2026<\/strong>.<\/p>\n","protected":false},"excerpt":{"rendered":"L\u2019Institut Culturel Italien d\u2019Alger a le plaisir d\u2019annoncer la publication de l\u2019appel \u00e0 candidatures pour les bourses d\u2019\u00e9tudes offertes par le Minist\u00e8re des Affaires \u00e9trang\u00e8res et de la Coop\u00e9ration internationale (MAECI) en faveur des \u00e9tudiants \u00e9trangers et des Italiens r\u00e9sidant \u00e0 l\u2019\u00e9tranger (IRE) pour l\u2019ann\u00e9e acad\u00e9mique 2026-2027, dans le but de favoriser la coop\u00e9ration dans [&hellip;]","protected":false},"author":12,"featured_media":0,"comment_status":"closed","ping_status":"closed","sticky":true,"template":"","format":"standard","meta":{"footnotes":""},"tags":[],"class_list":["post-8409","post","type-post","status-publish","format-standard","hentry"],"_links":{"self":[{"href":"https:\/\/iicalgeri.esteri.it\/fr\/wp-json\/wp\/v2\/posts\/8409","targetHints":{"allow":["GET"]}}],"collection":[{"href":"https:\/\/iicalgeri.esteri.it\/fr\/wp-json\/wp\/v2\/posts"}],"about":[{"href":"https:\/\/iicalgeri.esteri.it\/fr\/wp-json\/wp\/v2\/types\/post"}],"author":[{"embeddable":true,"href":"https:\/\/iicalgeri.esteri.it\/fr\/wp-json\/wp\/v2\/users\/12"}],"replies":[{"embeddable":true,"href":"https:\/\/iicalgeri.esteri.it\/fr\/wp-json\/wp\/v2\/comments?post=8409"}],"version-history":[{"count":1,"href":"https:\/\/iicalgeri.esteri.it\/fr\/wp-json\/wp\/v2\/posts\/8409\/revisions"}],"predecessor-version":[{"id":8411,"href":"https:\/\/iicalgeri.esteri.it\/fr\/wp-json\/wp\/v2\/posts\/8409\/revisions\/8411"}],"wp:attachment":[{"href":"https:\/\/iicalgeri.esteri.it\/fr\/wp-json\/wp\/v2\/media?parent=8409"}],"wp:term":[{"taxonomy":"post_tag","embeddable":true,"href":"https:\/\/iicalgeri.esteri.it\/fr\/wp-json\/wp\/v2\/tags?post=8409"}],"curies":[{"name":"wp","href":"https:\/\/api.w.org\/{rel}","templated":true}]}}