{"id":6828,"date":"2025-09-22T15:16:10","date_gmt":"2025-09-22T14:16:10","guid":{"rendered":"https:\/\/iicalgeri.esteri.it\/?p=6828"},"modified":"2025-09-22T15:23:50","modified_gmt":"2025-09-22T14:23:50","slug":"ouverture-des-inscriptions-aux-examens-cils-4-decembre-2025","status":"publish","type":"post","link":"https:\/\/iicalgeri.esteri.it\/fr\/news\/dall_istituto\/2025\/09\/ouverture-des-inscriptions-aux-examens-cils-4-decembre-2025\/","title":{"rendered":"Ouverture des inscriptions aux examens CILS &#8211; 4 d\u00e9cembre 2025"},"content":{"rendered":"<p style=\"text-align: justify;\">L&rsquo;Institut Culturel Italien annonce l&rsquo;<strong>ouverture des inscriptions \u00e0 l&rsquo;examen CILS pour la session du 4 d\u00e9cembre 2025<\/strong>, pour les niveaux suivants :<\/p>\n<ul>\n<li>A1 standard ;<\/li>\n<li>A1 enfants ;<\/li>\n<li>A1 adolescents ;<\/li>\n<li>A1 int\u00e9gration ;<\/li>\n<li>A2 standard ;<\/li>\n<li>A2 enfants ;<\/li>\n<li>A2 adolescents ;<\/li>\n<li>A2 int\u00e9gration en Italie ;<\/li>\n<li>B1 standard ;<\/li>\n<li>B1 adolescents ;<\/li>\n<li>B1 citoyennet\u00e9 ;<\/li>\n<li>B2 ;<\/li>\n<li>C1 ;<\/li>\n<li>C2.<\/li>\n<\/ul>\n<p style=\"text-align: justify;\">Au moment de l&rsquo;inscription, les candidats devront s&rsquo;acquitter des frais correspondants et pr\u00e9senter une pi\u00e8ce d&rsquo;identit\u00e9, de pr\u00e9f\u00e9rence un passeport.<\/p>\n<p style=\"text-align: justify;\">Les r\u00e9sultats des niveaux A2 Int\u00e9gration et B1 seront disponibles dans un d\u00e9lai de 40 \u00e0 45 jours ouvrables ; les r\u00e9sultats des autres niveaux seront disponibles environ 3 mois apr\u00e8s la date de l&rsquo;examen.<\/p>\n<p style=\"text-align: justify;\">Date limite d&rsquo;inscription : <strong>25 octobre 2025 \u00e0 23h59, heure italienne<\/strong>.<\/p>\n<p style=\"text-align: justify;\">Date de l&rsquo;examen : <strong>4 d\u00e9cembre 2025, \u00e0 9h00<\/strong>, \u00e0 l&rsquo;Institut italien de culture d&rsquo;Alger.<\/p>\n<p style=\"text-align: justify;\">Documents \u00e0 apporter le jour de l&rsquo;examen :<\/p>\n<ul>\n<li style=\"text-align: justify;\">Passeport\/carte d&rsquo;identit\u00e9 ;<\/li>\n<li style=\"text-align: justify;\">stylo noir.<\/li>\n<\/ul>\n<p>&nbsp;<\/p>\n","protected":false},"excerpt":{"rendered":"L&rsquo;Institut Culturel Italien annonce l&rsquo;ouverture des inscriptions \u00e0 l&rsquo;examen CILS pour la session du 4 d\u00e9cembre 2025, pour les niveaux suivants : A1 standard ; A1 enfants ; A1 adolescents ; A1 int\u00e9gration ; A2 standard ; A2 enfants ; A2 adolescents ; A2 int\u00e9gration en Italie ; B1 standard ; B1 adolescents ; B1 [&hellip;]","protected":false},"author":12,"featured_media":6825,"comment_status":"closed","ping_status":"closed","sticky":false,"template":"","format":"standard","meta":{"footnotes":""},"tags":[],"class_list":["post-6828","post","type-post","status-publish","format-standard","has-post-thumbnail","hentry"],"_links":{"self":[{"href":"https:\/\/iicalgeri.esteri.it\/fr\/wp-json\/wp\/v2\/posts\/6828","targetHints":{"allow":["GET"]}}],"collection":[{"href":"https:\/\/iicalgeri.esteri.it\/fr\/wp-json\/wp\/v2\/posts"}],"about":[{"href":"https:\/\/iicalgeri.esteri.it\/fr\/wp-json\/wp\/v2\/types\/post"}],"author":[{"embeddable":true,"href":"https:\/\/iicalgeri.esteri.it\/fr\/wp-json\/wp\/v2\/users\/12"}],"replies":[{"embeddable":true,"href":"https:\/\/iicalgeri.esteri.it\/fr\/wp-json\/wp\/v2\/comments?post=6828"}],"version-history":[{"count":1,"href":"https:\/\/iicalgeri.esteri.it\/fr\/wp-json\/wp\/v2\/posts\/6828\/revisions"}],"predecessor-version":[{"id":6830,"href":"https:\/\/iicalgeri.esteri.it\/fr\/wp-json\/wp\/v2\/posts\/6828\/revisions\/6830"}],"wp:featuredmedia":[{"embeddable":true,"href":"https:\/\/iicalgeri.esteri.it\/fr\/wp-json\/wp\/v2\/media\/6825"}],"wp:attachment":[{"href":"https:\/\/iicalgeri.esteri.it\/fr\/wp-json\/wp\/v2\/media?parent=6828"}],"wp:term":[{"taxonomy":"post_tag","embeddable":true,"href":"https:\/\/iicalgeri.esteri.it\/fr\/wp-json\/wp\/v2\/tags?post=6828"}],"curies":[{"name":"wp","href":"https:\/\/api.w.org\/{rel}","templated":true}]}}