{"id":6771,"date":"2025-09-17T13:39:34","date_gmt":"2025-09-17T12:39:34","guid":{"rendered":"https:\/\/iicalgeri.esteri.it\/?p=6771"},"modified":"2025-09-17T15:22:05","modified_gmt":"2025-09-17T14:22:05","slug":"ouverture-de-linscription-celi-examen-10-octobre-2025","status":"publish","type":"post","link":"https:\/\/iicalgeri.esteri.it\/fr\/news\/dall_istituto\/2025\/09\/ouverture-de-linscription-celi-examen-10-octobre-2025\/","title":{"rendered":"Ouverture de l`inscription CELI \u2013 examen 12 novembre 2025"},"content":{"rendered":"<p>L&rsquo;Institut Culturel Italien d&rsquo;Alger informe que les inscriptions pour la prochaine <strong>session CELI<\/strong>, pr\u00e9vue <strong>le 12 novembre 2025<\/strong>, sont ouvertes pour les niveaux suivants : A1 CELI Impatto, A2 CELI 1, B1 CELI 2, B2 CELI 3, C1 CELI 4 et C2 CELI 5.<\/p>\n<p>Les inscriptions seront cl\u00f4tur\u00e9es <strong>le 10 octobre 2025 \u00e0 23h59<\/strong>.<\/p>\n<p>Apr\u00e8s cette date, il ne sera plus possible de s&rsquo;inscrire.<\/p>\n<p>Cliquez <a href=\"https:\/\/cvcl.unistrapg.it\/pagine\/esami-celi-lingua-italiana\">ici<\/a> pour vous inscrire et <a href=\"https:\/\/cvcl.unistrapg.it\/pagine\/calendario-esami-celi-e-dils-pg-000\">ici<\/a> pour plus d&rsquo;informations.<\/p>\n<p>&nbsp;<\/p>\n","protected":false},"excerpt":{"rendered":"L&rsquo;Institut Culturel Italien d&rsquo;Alger informe que les inscriptions pour la prochaine session CELI, pr\u00e9vue le 12 novembre 2025, sont ouvertes pour les niveaux suivants : A1 CELI Impatto, A2 CELI 1, B1 CELI 2, B2 CELI 3, C1 CELI 4 et C2 CELI 5. Les inscriptions seront cl\u00f4tur\u00e9es le 10 octobre 2025 \u00e0 23h59. Apr\u00e8s [&hellip;]","protected":false},"author":12,"featured_media":6776,"comment_status":"closed","ping_status":"closed","sticky":false,"template":"","format":"standard","meta":{"footnotes":""},"tags":[],"class_list":["post-6771","post","type-post","status-publish","format-standard","has-post-thumbnail","hentry"],"_links":{"self":[{"href":"https:\/\/iicalgeri.esteri.it\/fr\/wp-json\/wp\/v2\/posts\/6771","targetHints":{"allow":["GET"]}}],"collection":[{"href":"https:\/\/iicalgeri.esteri.it\/fr\/wp-json\/wp\/v2\/posts"}],"about":[{"href":"https:\/\/iicalgeri.esteri.it\/fr\/wp-json\/wp\/v2\/types\/post"}],"author":[{"embeddable":true,"href":"https:\/\/iicalgeri.esteri.it\/fr\/wp-json\/wp\/v2\/users\/12"}],"replies":[{"embeddable":true,"href":"https:\/\/iicalgeri.esteri.it\/fr\/wp-json\/wp\/v2\/comments?post=6771"}],"version-history":[{"count":3,"href":"https:\/\/iicalgeri.esteri.it\/fr\/wp-json\/wp\/v2\/posts\/6771\/revisions"}],"predecessor-version":[{"id":6780,"href":"https:\/\/iicalgeri.esteri.it\/fr\/wp-json\/wp\/v2\/posts\/6771\/revisions\/6780"}],"wp:featuredmedia":[{"embeddable":true,"href":"https:\/\/iicalgeri.esteri.it\/fr\/wp-json\/wp\/v2\/media\/6776"}],"wp:attachment":[{"href":"https:\/\/iicalgeri.esteri.it\/fr\/wp-json\/wp\/v2\/media?parent=6771"}],"wp:term":[{"taxonomy":"post_tag","embeddable":true,"href":"https:\/\/iicalgeri.esteri.it\/fr\/wp-json\/wp\/v2\/tags?post=6771"}],"curies":[{"name":"wp","href":"https:\/\/api.w.org\/{rel}","templated":true}]}}