{"id":6512,"date":"2025-07-31T12:11:05","date_gmt":"2025-07-31T11:11:05","guid":{"rendered":"https:\/\/iicalgeri.esteri.it\/?p=6512"},"modified":"2025-08-18T13:28:18","modified_gmt":"2025-08-18T12:28:18","slug":"inscriptions-aux-cours-dete-jusquau-4-aout-2025","status":"publish","type":"post","link":"https:\/\/iicalgeri.esteri.it\/fr\/news\/dall_istituto\/2025\/07\/inscriptions-aux-cours-dete-jusquau-4-aout-2025\/","title":{"rendered":"Inscriptions aux cours d\u2019\u00e9t\u00e9 &#8211; jusqu\u2019au 4\u00a0ao\u00fbt 2025"},"content":{"rendered":"<p>L\u2019Institut Culturel Italien est heureux d\u2019annoncer l\u2019ouverture des inscriptions aux Cours d\u2019\u00e9t\u00e9 de la langue italienne, pr\u00e9vus au mois d\u2019ao\u00fbt \u00e0 4 bis, rue Yahia Mazouni, El Biar, Alger.<\/p>\n<p>Les inscriptions seront ouvertes jusqu\u2019au 4 ao\u00fbt 2025.<\/p>\n<p>Soyez nombreux !<\/p>\n<p>&nbsp;<\/p>\n<p><img loading=\"lazy\" decoding=\"async\" class=\"alignnone wp-image-6501 img-fluid\" src=\"https:\/\/iicalgeri.esteri.it\/wp-content\/uploads\/2025\/07\/Jusquau-04-aout-2025-2-300x300.png\" alt=\"\" width=\"301\" height=\"301\" \/><\/p>\n","protected":false},"excerpt":{"rendered":"L\u2019Institut Culturel Italien est heureux d\u2019annoncer l\u2019ouverture des inscriptions aux Cours d\u2019\u00e9t\u00e9 de la langue italienne, pr\u00e9vus au mois d\u2019ao\u00fbt \u00e0 4 bis, rue Yahia Mazouni, El Biar, Alger. Les inscriptions seront ouvertes jusqu\u2019au 4 ao\u00fbt 2025. Soyez nombreux ! &nbsp;","protected":false},"author":3,"featured_media":6517,"comment_status":"closed","ping_status":"closed","sticky":false,"template":"","format":"standard","meta":{"footnotes":""},"tags":[],"class_list":["post-6512","post","type-post","status-publish","format-standard","has-post-thumbnail","hentry"],"_links":{"self":[{"href":"https:\/\/iicalgeri.esteri.it\/fr\/wp-json\/wp\/v2\/posts\/6512","targetHints":{"allow":["GET"]}}],"collection":[{"href":"https:\/\/iicalgeri.esteri.it\/fr\/wp-json\/wp\/v2\/posts"}],"about":[{"href":"https:\/\/iicalgeri.esteri.it\/fr\/wp-json\/wp\/v2\/types\/post"}],"author":[{"embeddable":true,"href":"https:\/\/iicalgeri.esteri.it\/fr\/wp-json\/wp\/v2\/users\/3"}],"replies":[{"embeddable":true,"href":"https:\/\/iicalgeri.esteri.it\/fr\/wp-json\/wp\/v2\/comments?post=6512"}],"version-history":[{"count":6,"href":"https:\/\/iicalgeri.esteri.it\/fr\/wp-json\/wp\/v2\/posts\/6512\/revisions"}],"predecessor-version":[{"id":6528,"href":"https:\/\/iicalgeri.esteri.it\/fr\/wp-json\/wp\/v2\/posts\/6512\/revisions\/6528"}],"wp:featuredmedia":[{"embeddable":true,"href":"https:\/\/iicalgeri.esteri.it\/fr\/wp-json\/wp\/v2\/media\/6517"}],"wp:attachment":[{"href":"https:\/\/iicalgeri.esteri.it\/fr\/wp-json\/wp\/v2\/media?parent=6512"}],"wp:term":[{"taxonomy":"post_tag","embeddable":true,"href":"https:\/\/iicalgeri.esteri.it\/fr\/wp-json\/wp\/v2\/tags?post=6512"}],"curies":[{"name":"wp","href":"https:\/\/api.w.org\/{rel}","templated":true}]}}