{"id":5838,"date":"2025-05-11T12:39:21","date_gmt":"2025-05-11T11:39:21","guid":{"rendered":"https:\/\/iicalgeri.esteri.it\/?p=5838"},"modified":"2025-05-11T12:43:48","modified_gmt":"2025-05-11T11:43:48","slug":"5838","status":"publish","type":"post","link":"https:\/\/iicalgeri.esteri.it\/fr\/news\/dall_istituto\/2025\/05\/5838\/","title":{"rendered":"Concours d&rsquo;Op\u00e9ra &#8211; Orchestre de la M\u00e9diterran\u00e9e"},"content":{"rendered":"<p>L&rsquo;Institut Culturel Italien d&rsquo;Alger a le plaisir d&rsquo;annoncer la publication du <strong>Concours d&rsquo;Op\u00e9ra organis\u00e9 par l&rsquo;Orchestre de la M\u00e9diterran\u00e9e<\/strong>, avec des opportunit\u00e9s r\u00e9elles pour les jeunes chanteurs d&rsquo;op\u00e9ra et des prix concrets offerts par les Institutions que les jur\u00e9s repr\u00e9sentent, pour lancer les talents du bel canto dans le monde professionnel.<\/p>\n<p>Date limite de d\u00e9p\u00f4t des candidatures : <strong>20 mai 2025<\/strong><\/p>\n<p>Voici l&rsquo;<a href=\"https:\/\/iicalgeri.esteri.it\/wp-content\/uploads\/2025\/05\/Bando-completo-2025-ITA-1.pdf\">appel \u00e0 candidatures<\/a>\u00a0et pour plus d&rsquo;informations, cliquez <a href=\"https:\/\/www.orchestradelmediterraneo.it\/xvii-concorso-lirico-internazionale-s-francesco-di-paola-2\/\">ici<\/a>.<\/p>\n<p>&nbsp;<\/p>\n","protected":false},"excerpt":{"rendered":"L&rsquo;Institut Culturel Italien d&rsquo;Alger a le plaisir d&rsquo;annoncer la publication du Concours d&rsquo;Op\u00e9ra organis\u00e9 par l&rsquo;Orchestre de la M\u00e9diterran\u00e9e, avec des opportunit\u00e9s r\u00e9elles pour les jeunes chanteurs d&rsquo;op\u00e9ra et des prix concrets offerts par les Institutions que les jur\u00e9s repr\u00e9sentent, pour lancer les talents du bel canto dans le monde professionnel. Date limite de d\u00e9p\u00f4t [&hellip;]","protected":false},"author":12,"featured_media":0,"comment_status":"closed","ping_status":"closed","sticky":false,"template":"","format":"standard","meta":{"footnotes":""},"tags":[],"class_list":["post-5838","post","type-post","status-publish","format-standard","hentry"],"_links":{"self":[{"href":"https:\/\/iicalgeri.esteri.it\/fr\/wp-json\/wp\/v2\/posts\/5838","targetHints":{"allow":["GET"]}}],"collection":[{"href":"https:\/\/iicalgeri.esteri.it\/fr\/wp-json\/wp\/v2\/posts"}],"about":[{"href":"https:\/\/iicalgeri.esteri.it\/fr\/wp-json\/wp\/v2\/types\/post"}],"author":[{"embeddable":true,"href":"https:\/\/iicalgeri.esteri.it\/fr\/wp-json\/wp\/v2\/users\/12"}],"replies":[{"embeddable":true,"href":"https:\/\/iicalgeri.esteri.it\/fr\/wp-json\/wp\/v2\/comments?post=5838"}],"version-history":[{"count":2,"href":"https:\/\/iicalgeri.esteri.it\/fr\/wp-json\/wp\/v2\/posts\/5838\/revisions"}],"predecessor-version":[{"id":5840,"href":"https:\/\/iicalgeri.esteri.it\/fr\/wp-json\/wp\/v2\/posts\/5838\/revisions\/5840"}],"wp:attachment":[{"href":"https:\/\/iicalgeri.esteri.it\/fr\/wp-json\/wp\/v2\/media?parent=5838"}],"wp:term":[{"taxonomy":"post_tag","embeddable":true,"href":"https:\/\/iicalgeri.esteri.it\/fr\/wp-json\/wp\/v2\/tags?post=5838"}],"curies":[{"name":"wp","href":"https:\/\/api.w.org\/{rel}","templated":true}]}}