{"id":5804,"date":"2025-05-07T16:11:39","date_gmt":"2025-05-07T15:11:39","guid":{"rendered":"https:\/\/iicalgeri.esteri.it\/?p=5804"},"modified":"2025-05-07T16:59:02","modified_gmt":"2025-05-07T15:59:02","slug":"5804","status":"publish","type":"post","link":"https:\/\/iicalgeri.esteri.it\/fr\/news\/dall_istituto\/2025\/05\/5804\/","title":{"rendered":"\u00c9tats g\u00e9n\u00e9raux de la langue italienne &#8211; D\u00e9claration finale"},"content":{"rendered":"<p>L&rsquo;Institut Culturel Italien d&rsquo;Alger annonce la tenue de la <strong>5e \u00e9dition des \u00c9tats g\u00e9n\u00e9raux de la langue italienne dans le monde<\/strong>, le 16 avril au Museo nazionale della arti del XXI secolo (MAXXI) \u00e0 Rome. Les \u00c9tats g\u00e9n\u00e9raux, organis\u00e9s en collaboration avec la Soci\u00e9t\u00e9 Dante Alighieri, ont constitu\u00e9 l&rsquo;\u00e9v\u00e9nement principal de la pr\u00e9paration de la <strong>premi\u00e8re conf\u00e9rence internationale de l&rsquo;italophonie<\/strong>, qui se tiendra \u00e0 l&rsquo;automne avec la participation des diff\u00e9rentes \u00e2mes italophones internationales et au cours de laquelle sera cr\u00e9\u00e9e la <strong>Communaut\u00e9 internationale de l&rsquo;italophonie<\/strong>.<\/p>\n<p>Les paroles du VPdC \/ Honorable Ministre Antonio Tajani, prononc\u00e9es lors du discours d&rsquo;ouverture, sont significatives : \u00ab <em>L&rsquo;italien veut \u00eatre un pont, une langue de paix et d&rsquo;amiti\u00e9, un symbole de la vocation d&rsquo;un peuple qui a navigu\u00e9, qui a parcouru le monde et qui s&rsquo;est fait conna\u00eetre.<\/em> \u00ab .<\/p>\n<p>Voici le lien pour la <a href=\"https:\/\/iicalgeri.esteri.it\/wp-content\/uploads\/2025\/05\/Dichiarazione-finale-degli-Stati-Generali-DEF.pdf\">D\u00e9claration finale des Etats G\u00e9n\u00e9raux<\/a>, pour plus d&rsquo;informations.<\/p>\n<p>Le th\u00e8me de l&rsquo;italien comme langue de communication au niveau international sera \u00e9galement abord\u00e9 lors de la <strong>XXV \u00e9dition de la Settimana della Lingua Italiana nel Mondo (SLIM)<\/strong>, pr\u00e9vue du 13 au 19 octobre et intitul\u00e9e \u00a0\u00bb Italophonie : la langue au-del\u00e0 des fronti\u00e8res \u00ab\u00a0, pour c\u00e9l\u00e9brer l&rsquo;espace linguistique, culturel et social de l&rsquo;italien et imaginer une nouvelle communaut\u00e9 de personnes dans le monde entier li\u00e9es par la passion de la langue italienne et, \u00e0 travers elle, proches de l&rsquo;Italie.<\/p>\n","protected":false},"excerpt":{"rendered":"L&rsquo;Institut Culturel Italien d&rsquo;Alger annonce la tenue de la 5e \u00e9dition des \u00c9tats g\u00e9n\u00e9raux de la langue italienne dans le monde, le 16 avril au Museo nazionale della arti del XXI secolo (MAXXI) \u00e0 Rome. Les \u00c9tats g\u00e9n\u00e9raux, organis\u00e9s en collaboration avec la Soci\u00e9t\u00e9 Dante Alighieri, ont constitu\u00e9 l&rsquo;\u00e9v\u00e9nement principal de la pr\u00e9paration de la [&hellip;]","protected":false},"author":12,"featured_media":0,"comment_status":"closed","ping_status":"closed","sticky":false,"template":"","format":"standard","meta":{"footnotes":""},"tags":[],"class_list":["post-5804","post","type-post","status-publish","format-standard","hentry"],"_links":{"self":[{"href":"https:\/\/iicalgeri.esteri.it\/fr\/wp-json\/wp\/v2\/posts\/5804","targetHints":{"allow":["GET"]}}],"collection":[{"href":"https:\/\/iicalgeri.esteri.it\/fr\/wp-json\/wp\/v2\/posts"}],"about":[{"href":"https:\/\/iicalgeri.esteri.it\/fr\/wp-json\/wp\/v2\/types\/post"}],"author":[{"embeddable":true,"href":"https:\/\/iicalgeri.esteri.it\/fr\/wp-json\/wp\/v2\/users\/12"}],"replies":[{"embeddable":true,"href":"https:\/\/iicalgeri.esteri.it\/fr\/wp-json\/wp\/v2\/comments?post=5804"}],"version-history":[{"count":3,"href":"https:\/\/iicalgeri.esteri.it\/fr\/wp-json\/wp\/v2\/posts\/5804\/revisions"}],"predecessor-version":[{"id":5814,"href":"https:\/\/iicalgeri.esteri.it\/fr\/wp-json\/wp\/v2\/posts\/5804\/revisions\/5814"}],"wp:attachment":[{"href":"https:\/\/iicalgeri.esteri.it\/fr\/wp-json\/wp\/v2\/media?parent=5804"}],"wp:term":[{"taxonomy":"post_tag","embeddable":true,"href":"https:\/\/iicalgeri.esteri.it\/fr\/wp-json\/wp\/v2\/tags?post=5804"}],"curies":[{"name":"wp","href":"https:\/\/api.w.org\/{rel}","templated":true}]}}