{"id":5789,"date":"2025-05-06T09:53:21","date_gmt":"2025-05-06T08:53:21","guid":{"rendered":"https:\/\/iicalgeri.esteri.it\/?p=5789"},"modified":"2025-05-06T09:53:21","modified_gmt":"2025-05-06T08:53:21","slug":"projet-champions-du-made-in-italy","status":"publish","type":"post","link":"https:\/\/iicalgeri.esteri.it\/fr\/news\/dall_istituto\/2025\/05\/projet-champions-du-made-in-italy\/","title":{"rendered":"Projet \u00ab\u00a0Champions du Made in Italy\u00a0\u00bb"},"content":{"rendered":"<p>L&rsquo;Institut Culturel Italien d&rsquo;Alger soutient et promeut l&rsquo;initiative \u00ab Champions du Made in Italy \u00bb, promue par l&rsquo;ICE (Agence pour la promotion \u00e0 l&rsquo;\u00e9tranger et l&rsquo;internationalisation des entreprises italiennes) et la Lega Serie A avec le soutien du Minist\u00e8re des Affaires Etrang\u00e8res et de la Coop\u00e9ration Internationale, pour mettre en valeur l&rsquo;excellence italienne \u00e0 travers le football, dont la Lega Serie A, r\u00e9partie dans plus de 200 pays avec une audience mondiale estim\u00e9e \u00e0 plus de 740 millions de t\u00e9l\u00e9spectateurs, est le tournoi phare.<\/p>\n<p>Des vid\u00e9os exclusives portant sur les 17 villes des 20 clubs de la Serie A seront disponibles sur le lien suivant. Les vid\u00e9os ont une dur\u00e9e d&rsquo;environ 12 minutes pour chaque \u00e9quipe, chacune \u00e9tant d\u00e9coup\u00e9e en trois vid\u00e9os-piliers d&rsquo;une minute, et sont consacr\u00e9es \u00e0 un secteur ou \u00e0 un district industriel de premier plan de chaque ville, avec la participation d&rsquo;un footballeur \u00e9tranger du club de r\u00e9f\u00e9rence en tant qu&rsquo;\u00ab ambassadeur italien \u00bb.<\/p>\n<p>Les correspondances s\u00e9lectionn\u00e9es sont les suivantes :<\/p>\n<p><img loading=\"lazy\" decoding=\"async\" class=\"aligncenter size-medium wp-image-5781 img-fluid\" src=\"https:\/\/iicalgeri.esteri.it\/wp-content\/uploads\/2025\/05\/Capture-1-181x300.jpg\" alt=\"\" width=\"181\" height=\"300\" srcset=\"https:\/\/iicalgeri.esteri.it\/wp-content\/uploads\/2025\/05\/Capture-1-181x300.jpg 181w, https:\/\/iicalgeri.esteri.it\/wp-content\/uploads\/2025\/05\/Capture-1.jpg 350w\" sizes=\"auto, (max-width: 181px) 100vw, 181px\" \/><\/p>\n<p>Voici <a href=\"https:\/\/www.youtube.com\/watch?v=jXihSpbGT6E\">le lien<\/a> pour regarder la vid\u00e9o de pr\u00e9sentation de la ville avec son secteur de pointe, pr\u00e9sent\u00e9e par un footballeur \u00e9tranger de l&rsquo;\u00e9quipe de football concern\u00e9e.<\/p>\n","protected":false},"excerpt":{"rendered":"L&rsquo;Institut Culturel Italien d&rsquo;Alger soutient et promeut l&rsquo;initiative \u00ab Champions du Made in Italy \u00bb, promue par l&rsquo;ICE (Agence pour la promotion \u00e0 l&rsquo;\u00e9tranger et l&rsquo;internationalisation des entreprises italiennes) et la Lega Serie A avec le soutien du Minist\u00e8re des Affaires Etrang\u00e8res et de la Coop\u00e9ration Internationale, pour mettre en valeur l&rsquo;excellence italienne \u00e0 travers [&hellip;]","protected":false},"author":12,"featured_media":0,"comment_status":"closed","ping_status":"closed","sticky":false,"template":"","format":"standard","meta":{"footnotes":""},"tags":[],"class_list":["post-5789","post","type-post","status-publish","format-standard","hentry"],"_links":{"self":[{"href":"https:\/\/iicalgeri.esteri.it\/fr\/wp-json\/wp\/v2\/posts\/5789","targetHints":{"allow":["GET"]}}],"collection":[{"href":"https:\/\/iicalgeri.esteri.it\/fr\/wp-json\/wp\/v2\/posts"}],"about":[{"href":"https:\/\/iicalgeri.esteri.it\/fr\/wp-json\/wp\/v2\/types\/post"}],"author":[{"embeddable":true,"href":"https:\/\/iicalgeri.esteri.it\/fr\/wp-json\/wp\/v2\/users\/12"}],"replies":[{"embeddable":true,"href":"https:\/\/iicalgeri.esteri.it\/fr\/wp-json\/wp\/v2\/comments?post=5789"}],"version-history":[{"count":1,"href":"https:\/\/iicalgeri.esteri.it\/fr\/wp-json\/wp\/v2\/posts\/5789\/revisions"}],"predecessor-version":[{"id":5792,"href":"https:\/\/iicalgeri.esteri.it\/fr\/wp-json\/wp\/v2\/posts\/5789\/revisions\/5792"}],"wp:attachment":[{"href":"https:\/\/iicalgeri.esteri.it\/fr\/wp-json\/wp\/v2\/media?parent=5789"}],"wp:term":[{"taxonomy":"post_tag","embeddable":true,"href":"https:\/\/iicalgeri.esteri.it\/fr\/wp-json\/wp\/v2\/tags?post=5789"}],"curies":[{"name":"wp","href":"https:\/\/api.w.org\/{rel}","templated":true}]}}