{"id":5536,"date":"2025-03-18T14:44:03","date_gmt":"2025-03-18T13:44:03","guid":{"rendered":"https:\/\/iicalgeri.esteri.it\/?p=5536"},"modified":"2025-03-19T10:39:27","modified_gmt":"2025-03-19T09:39:27","slug":"bourses-detudes-pour-laccademia-darti-e-mestieri-dello-spettacolo-teatro-alla-scala-a-milan","status":"publish","type":"post","link":"https:\/\/iicalgeri.esteri.it\/fr\/news\/dall_istituto\/2025\/03\/bourses-detudes-pour-laccademia-darti-e-mestieri-dello-spettacolo-teatro-alla-scala-a-milan\/","title":{"rendered":"Bourses d&rsquo;\u00e9tudes pour l&rsquo;Accademia d&rsquo;arti e mestieri dello spettacolo &#8211; Teatro alla Scala \u00e0 Milan"},"content":{"rendered":"<p>L&rsquo;Institut Culturel Italien annonce que l&rsquo;Accademia d&rsquo;arti e mestieri dello spettacolo Teatro alla Scala a ouvert les s\u00e9lections pour le <strong>Cours avanc\u00e9 pour chanteurs d&rsquo;op\u00e9ra <\/strong>de deux ans et le <strong>Global Master in Performing Arts Management <\/strong>d&rsquo;un an.<\/p>\n<p>Pour le cours, les inscriptions sont ouvertes jusqu&rsquo;au 9 avril prochain, tandis que pour le Master, elles sont ouvertes jusqu&rsquo;au 1er octobre prochain pour les citoyens des \u00c9tats membres de l&rsquo;UE, et jusqu&rsquo;au 17 septembre prochain pour les citoyens d&rsquo;autres pays.<\/p>\n<p>Pour les deux cours, le MAECI offrira un maximum de <strong>10 bourses \u00e0 des \u00e9tudiants \u00e9trangers<\/strong>, plus d&rsquo;informations sont disponibles sur ce <a href=\"https:\/\/www.accademialascala.it\/en\/music\/course-for-opera-singers\">lien.<\/a><\/p>\n<p>Ici, plus d&rsquo;informations sur le <a href=\"https:\/\/www.esteri.it\/it\/opportunita\/borse-di-studio\/per-cittadini-stranieri\/progetti-speciali\/accademia_teatro_alla_scala\/\">Master pour chanteurs d&rsquo;op\u00e9ra<\/a> et sur le <a href=\"https:\/\/www.esteri.it\/it\/opportunita\/borse-di-studio\/per-cittadini-stranieri\/progetti-speciali\/accademia_teatro_alla_scala\/\">Global Master in Performing Arts Management<\/a>, ainsi que des informations sur la Scala di Milano, en <a href=\"https:\/\/iicalgeri.esteri.it\/wp-content\/uploads\/2025\/03\/cantanti-lirici-25-2.pdf\">italien<\/a> et en <a href=\"https:\/\/iicalgeri.esteri.it\/wp-content\/uploads\/2025\/03\/lyric-opera-25-2.pdf\">anglais.<\/a> Ici plus d&rsquo;informations sur le <a href=\"https:\/\/iicalgeri.esteri.it\/wp-content\/uploads\/2025\/03\/Fascicolo-illustrativo-Master-PAM-2025-2026-unico-file_compressed.pdf\">Global Master in Performing Arts Management<\/a>.<\/p>\n<p>&nbsp;<\/p>\n","protected":false},"excerpt":{"rendered":"L&rsquo;Institut Culturel Italien annonce que l&rsquo;Accademia d&rsquo;arti e mestieri dello spettacolo Teatro alla Scala a ouvert les s\u00e9lections pour le Cours avanc\u00e9 pour chanteurs d&rsquo;op\u00e9ra de deux ans et le Global Master in Performing Arts Management d&rsquo;un an. Pour le cours, les inscriptions sont ouvertes jusqu&rsquo;au 9 avril prochain, tandis que pour le Master, elles [&hellip;]","protected":false},"author":12,"featured_media":4019,"comment_status":"closed","ping_status":"closed","sticky":false,"template":"","format":"standard","meta":{"footnotes":""},"tags":[],"class_list":["post-5536","post","type-post","status-publish","format-standard","has-post-thumbnail","hentry"],"_links":{"self":[{"href":"https:\/\/iicalgeri.esteri.it\/fr\/wp-json\/wp\/v2\/posts\/5536","targetHints":{"allow":["GET"]}}],"collection":[{"href":"https:\/\/iicalgeri.esteri.it\/fr\/wp-json\/wp\/v2\/posts"}],"about":[{"href":"https:\/\/iicalgeri.esteri.it\/fr\/wp-json\/wp\/v2\/types\/post"}],"author":[{"embeddable":true,"href":"https:\/\/iicalgeri.esteri.it\/fr\/wp-json\/wp\/v2\/users\/12"}],"replies":[{"embeddable":true,"href":"https:\/\/iicalgeri.esteri.it\/fr\/wp-json\/wp\/v2\/comments?post=5536"}],"version-history":[{"count":3,"href":"https:\/\/iicalgeri.esteri.it\/fr\/wp-json\/wp\/v2\/posts\/5536\/revisions"}],"predecessor-version":[{"id":5557,"href":"https:\/\/iicalgeri.esteri.it\/fr\/wp-json\/wp\/v2\/posts\/5536\/revisions\/5557"}],"wp:featuredmedia":[{"embeddable":true,"href":"https:\/\/iicalgeri.esteri.it\/fr\/wp-json\/wp\/v2\/media\/4019"}],"wp:attachment":[{"href":"https:\/\/iicalgeri.esteri.it\/fr\/wp-json\/wp\/v2\/media?parent=5536"}],"wp:term":[{"taxonomy":"post_tag","embeddable":true,"href":"https:\/\/iicalgeri.esteri.it\/fr\/wp-json\/wp\/v2\/tags?post=5536"}],"curies":[{"name":"wp","href":"https:\/\/api.w.org\/{rel}","templated":true}]}}