{"id":5289,"date":"2025-02-06T16:04:28","date_gmt":"2025-02-06T15:04:28","guid":{"rendered":"https:\/\/iicalgeri.esteri.it\/?p=5289"},"modified":"2025-02-06T16:14:19","modified_gmt":"2025-02-06T15:14:19","slug":"residence-artistique-alessandro-calizza","status":"publish","type":"post","link":"https:\/\/iicalgeri.esteri.it\/fr\/news\/dall_istituto\/2025\/02\/residence-artistique-alessandro-calizza\/","title":{"rendered":"R\u00e9sidence artistique &#8211; Alessandro Calizza"},"content":{"rendered":"<p>L&rsquo;Institut Culturel Italien d&rsquo;Alger, en collaboration avec l&rsquo;AARC (Agence Alg\u00e9rienne de Rayonnement Culturel), a le plaisir de pr\u00e9senter la r\u00e9sidence d&rsquo;Alessandro Calizza (1983), artiste autodidacte romain qui travaille dans l&rsquo;Artist Run Space Ombrelloni, situ\u00e9 dans le quartier de San Lorenzo \u00e0 Rome. Calizza, qui a \u00e0 son actif des expositions dans de nombreuses villes italiennes et \u00e0 l&rsquo;\u00e9tranger, sera l&rsquo;invit\u00e9 du 6 au 26 f\u00e9vrier 2025 \u00e0 la Villa Dar Abdellatif de l&rsquo;AARC.<\/p>\n<p><img loading=\"lazy\" decoding=\"async\" class=\"size-medium wp-image-5285 img-fluid\" src=\"https:\/\/iicalgeri.esteri.it\/wp-content\/uploads\/2025\/02\/Locandina-300x300.jpg\" alt=\"\" width=\"300\" height=\"300\" srcset=\"https:\/\/iicalgeri.esteri.it\/wp-content\/uploads\/2025\/02\/Locandina-300x300.jpg 300w, https:\/\/iicalgeri.esteri.it\/wp-content\/uploads\/2025\/02\/Locandina-1024x1024.jpg 1024w, https:\/\/iicalgeri.esteri.it\/wp-content\/uploads\/2025\/02\/Locandina-150x150.jpg 150w, https:\/\/iicalgeri.esteri.it\/wp-content\/uploads\/2025\/02\/Locandina-768x768.jpg 768w, https:\/\/iicalgeri.esteri.it\/wp-content\/uploads\/2025\/02\/Locandina.jpg 1771w\" sizes=\"auto, (max-width: 300px) 100vw, 300px\" \/><\/p>\n","protected":false},"excerpt":{"rendered":"L&rsquo;Institut Culturel Italien d&rsquo;Alger, en collaboration avec l&rsquo;AARC (Agence Alg\u00e9rienne de Rayonnement Culturel), a le plaisir de pr\u00e9senter la r\u00e9sidence d&rsquo;Alessandro Calizza (1983), artiste autodidacte romain qui travaille dans l&rsquo;Artist Run Space Ombrelloni, situ\u00e9 dans le quartier de San Lorenzo \u00e0 Rome. Calizza, qui a \u00e0 son actif des expositions dans de nombreuses villes italiennes [&hellip;]","protected":false},"author":12,"featured_media":5285,"comment_status":"closed","ping_status":"closed","sticky":false,"template":"","format":"standard","meta":{"footnotes":""},"tags":[],"class_list":["post-5289","post","type-post","status-publish","format-standard","has-post-thumbnail","hentry"],"_links":{"self":[{"href":"https:\/\/iicalgeri.esteri.it\/fr\/wp-json\/wp\/v2\/posts\/5289","targetHints":{"allow":["GET"]}}],"collection":[{"href":"https:\/\/iicalgeri.esteri.it\/fr\/wp-json\/wp\/v2\/posts"}],"about":[{"href":"https:\/\/iicalgeri.esteri.it\/fr\/wp-json\/wp\/v2\/types\/post"}],"author":[{"embeddable":true,"href":"https:\/\/iicalgeri.esteri.it\/fr\/wp-json\/wp\/v2\/users\/12"}],"replies":[{"embeddable":true,"href":"https:\/\/iicalgeri.esteri.it\/fr\/wp-json\/wp\/v2\/comments?post=5289"}],"version-history":[{"count":3,"href":"https:\/\/iicalgeri.esteri.it\/fr\/wp-json\/wp\/v2\/posts\/5289\/revisions"}],"predecessor-version":[{"id":5294,"href":"https:\/\/iicalgeri.esteri.it\/fr\/wp-json\/wp\/v2\/posts\/5289\/revisions\/5294"}],"wp:featuredmedia":[{"embeddable":true,"href":"https:\/\/iicalgeri.esteri.it\/fr\/wp-json\/wp\/v2\/media\/5285"}],"wp:attachment":[{"href":"https:\/\/iicalgeri.esteri.it\/fr\/wp-json\/wp\/v2\/media?parent=5289"}],"wp:term":[{"taxonomy":"post_tag","embeddable":true,"href":"https:\/\/iicalgeri.esteri.it\/fr\/wp-json\/wp\/v2\/tags?post=5289"}],"curies":[{"name":"wp","href":"https:\/\/api.w.org\/{rel}","templated":true}]}}