{"id":4366,"date":"2024-10-13T14:29:07","date_gmt":"2024-10-13T13:29:07","guid":{"rendered":"https:\/\/iicalgeri.esteri.it\/?p=4366"},"modified":"2024-10-13T14:31:06","modified_gmt":"2024-10-13T13:31:06","slug":"xxiv-semaine-de-la-langue-italienne-dans-le-monde-du-14-au-20-octobre-2024","status":"publish","type":"post","link":"https:\/\/iicalgeri.esteri.it\/fr\/news\/dall_istituto\/2024\/10\/xxiv-semaine-de-la-langue-italienne-dans-le-monde-du-14-au-20-octobre-2024\/","title":{"rendered":"XXIV Semaine de la Langue Italienne dans le Monde &#8211; du 14 au 20 octobre 2024"},"content":{"rendered":"<p>La XXIVe Semaine de la Langue Italienne dans le Monde, qui se tiendra du 14 au 20 octobre 2024, est organis\u00e9e par l\u2019Ambassade d\u2019Italie en Alg\u00e9rie et l\u2019Institut Culturel Italien d\u2019Alger, en collaboration avec la l\u2019Ambassade Suisse en Alg\u00e9rie. Son th\u00e8me sera <span style=\"color: #ff0000;\"><strong>\u00ab L\u2019italien et le livre: le monde entre les lignes \u00bb<\/strong><\/span>. L\u2019\u00e9v\u00e9nement vise \u00e0 explorer les liens entre la langue et la litt\u00e9rature dans le contexte actuel, tout en mettant en avant <strong>le r\u00f4le essentiel du livre en tant qu\u2019instrument de transmission du patrimoine culturel, des valeurs et de l\u2019identit\u00e9 italienne<\/strong>.<\/p>\n<p>Cette initiative s\u2019inscrit dans le cadre de la c\u00e9l\u00e9bration annuelle, qui cherche \u00e0 renforcer la sensibilisation \u00e0 l\u2019importance de la langue et de la culture italiennes comme moyen de promouvoir l\u2019image de l\u2019Italie \u00e0 l\u2019\u00e9chelle mondiale. Plac\u00e9e sous le Haut Patronage du Pr\u00e9sident de la R\u00e9publique, cette semaine est organis\u00e9e depuis 2000 par le Minist\u00e8re des Affaires \u00c9trang\u00e8res et de la Coop\u00e9ration Internationale, en collaboration avec le r\u00e9seau diplomatique et consulaire des ambassades et consulats, ainsi que les Instituts Culturels Italiens, en partenariat avec le Minist\u00e8re de la Culture, le Minist\u00e8re de l&rsquo;\u00c9ducation et les universit\u00e9s, principaux acteurs de la promotion de la langue italienne \u00e0 l\u2019international, l\u2019Acad\u00e9mie de la Crusca, Communaut\u00e9 Radiophonique Italophone, RAI, Soci\u00e9t\u00e9 Dante Alighieri et Treccani.<\/p>\n","protected":false},"excerpt":{"rendered":"La XXIVe Semaine de la Langue Italienne dans le Monde, qui se tiendra du 14 au 20 octobre 2024, est organis\u00e9e par l\u2019Ambassade d\u2019Italie en Alg\u00e9rie et l\u2019Institut Culturel Italien d\u2019Alger, en collaboration avec la l\u2019Ambassade Suisse en Alg\u00e9rie. Son th\u00e8me sera \u00ab L\u2019italien et le livre: le monde entre les lignes \u00bb. L\u2019\u00e9v\u00e9nement vise [&hellip;]","protected":false},"author":12,"featured_media":4337,"comment_status":"closed","ping_status":"closed","sticky":false,"template":"","format":"standard","meta":{"footnotes":""},"tags":[5],"class_list":["post-4366","post","type-post","status-publish","format-standard","has-post-thumbnail","hentry","tag-settimana-della-lingua-italiana-nel-mondo"],"_links":{"self":[{"href":"https:\/\/iicalgeri.esteri.it\/fr\/wp-json\/wp\/v2\/posts\/4366","targetHints":{"allow":["GET"]}}],"collection":[{"href":"https:\/\/iicalgeri.esteri.it\/fr\/wp-json\/wp\/v2\/posts"}],"about":[{"href":"https:\/\/iicalgeri.esteri.it\/fr\/wp-json\/wp\/v2\/types\/post"}],"author":[{"embeddable":true,"href":"https:\/\/iicalgeri.esteri.it\/fr\/wp-json\/wp\/v2\/users\/12"}],"replies":[{"embeddable":true,"href":"https:\/\/iicalgeri.esteri.it\/fr\/wp-json\/wp\/v2\/comments?post=4366"}],"version-history":[{"count":1,"href":"https:\/\/iicalgeri.esteri.it\/fr\/wp-json\/wp\/v2\/posts\/4366\/revisions"}],"predecessor-version":[{"id":4367,"href":"https:\/\/iicalgeri.esteri.it\/fr\/wp-json\/wp\/v2\/posts\/4366\/revisions\/4367"}],"wp:featuredmedia":[{"embeddable":true,"href":"https:\/\/iicalgeri.esteri.it\/fr\/wp-json\/wp\/v2\/media\/4337"}],"wp:attachment":[{"href":"https:\/\/iicalgeri.esteri.it\/fr\/wp-json\/wp\/v2\/media?parent=4366"}],"wp:term":[{"taxonomy":"post_tag","embeddable":true,"href":"https:\/\/iicalgeri.esteri.it\/fr\/wp-json\/wp\/v2\/tags?post=4366"}],"curies":[{"name":"wp","href":"https:\/\/api.w.org\/{rel}","templated":true}]}}