{"id":3784,"date":"2024-07-07T11:29:44","date_gmt":"2024-07-07T10:29:44","guid":{"rendered":"https:\/\/iicalgeri.esteri.it\/?p=3784"},"modified":"2024-07-07T11:30:19","modified_gmt":"2024-07-07T10:30:19","slug":"formation-denseignants","status":"publish","type":"post","link":"https:\/\/iicalgeri.esteri.it\/fr\/news\/dall_istituto\/2024\/07\/formation-denseignants\/","title":{"rendered":"Formation d&rsquo;enseignants"},"content":{"rendered":"<p>L&rsquo;Institut Culturel Italien d&rsquo;Alger a organis\u00e9, du 30 juin au 04 juillet, une semaine de formation en pr\u00e9sentiel pour les enseignants alg\u00e9riens de l&rsquo;italien, dirig\u00e9e par le professeur Francesco di Paolo. Ce programme d&rsquo;\u00e9change a offert une vari\u00e9t\u00e9 de m\u00e9thodes d&rsquo;enseignement et a accueilli plusieurs autres professeurs.<\/p>\n","protected":false},"excerpt":{"rendered":"L&rsquo;Institut Culturel Italien d&rsquo;Alger a organis\u00e9, du 30 juin au 04 juillet, une semaine de formation en pr\u00e9sentiel pour les enseignants alg\u00e9riens de l&rsquo;italien, dirig\u00e9e par le professeur Francesco di Paolo. Ce programme d&rsquo;\u00e9change a offert une vari\u00e9t\u00e9 de m\u00e9thodes d&rsquo;enseignement et a accueilli plusieurs autres professeurs.","protected":false},"author":4,"featured_media":0,"comment_status":"closed","ping_status":"closed","sticky":false,"template":"","format":"standard","meta":{"footnotes":""},"tags":[],"class_list":["post-3784","post","type-post","status-publish","format-standard","hentry"],"_links":{"self":[{"href":"https:\/\/iicalgeri.esteri.it\/fr\/wp-json\/wp\/v2\/posts\/3784","targetHints":{"allow":["GET"]}}],"collection":[{"href":"https:\/\/iicalgeri.esteri.it\/fr\/wp-json\/wp\/v2\/posts"}],"about":[{"href":"https:\/\/iicalgeri.esteri.it\/fr\/wp-json\/wp\/v2\/types\/post"}],"author":[{"embeddable":true,"href":"https:\/\/iicalgeri.esteri.it\/fr\/wp-json\/wp\/v2\/users\/4"}],"replies":[{"embeddable":true,"href":"https:\/\/iicalgeri.esteri.it\/fr\/wp-json\/wp\/v2\/comments?post=3784"}],"version-history":[{"count":1,"href":"https:\/\/iicalgeri.esteri.it\/fr\/wp-json\/wp\/v2\/posts\/3784\/revisions"}],"predecessor-version":[{"id":3787,"href":"https:\/\/iicalgeri.esteri.it\/fr\/wp-json\/wp\/v2\/posts\/3784\/revisions\/3787"}],"wp:attachment":[{"href":"https:\/\/iicalgeri.esteri.it\/fr\/wp-json\/wp\/v2\/media?parent=3784"}],"wp:term":[{"taxonomy":"post_tag","embeddable":true,"href":"https:\/\/iicalgeri.esteri.it\/fr\/wp-json\/wp\/v2\/tags?post=3784"}],"curies":[{"name":"wp","href":"https:\/\/api.w.org\/{rel}","templated":true}]}}