{"id":3555,"date":"2024-04-22T12:44:00","date_gmt":"2024-04-22T11:44:00","guid":{"rendered":"https:\/\/iicalgeri.esteri.it\/?p=3555"},"modified":"2024-04-22T15:08:56","modified_gmt":"2024-04-22T14:08:56","slug":"festival-international-du-film-dannaba","status":"publish","type":"post","link":"https:\/\/iicalgeri.esteri.it\/fr\/news\/dall_istituto\/2024\/04\/festival-international-du-film-dannaba\/","title":{"rendered":"Festival international du film d&rsquo;Annaba"},"content":{"rendered":"<p>L&rsquo;Institut culturel italien d&rsquo;Alger a le plaisir d&rsquo;annoncer la participation de l&rsquo;Italie \u00e0 la quatri\u00e8me \u00e9dition du Festival international du film d&rsquo;Annaba, qui se tiendra du 24 au 30 avril \u00e0 Annaba.<\/p>\n<p>L&rsquo;Italie sera pr\u00e9sente les jours suivants :<\/p>\n<ul>\n<li>mercredi 24 avril, 21h00 \u2013 Il sol dell\u2019avvenire, de Nanni Moretti;<\/li>\n<li>vendredi 26 avril, 11h00 \u2013 Grazia Deledda, la rivoluzionaria, de Cecilia Mangini et Paolo Pisanelli;<\/li>\n<li>vendredi 26 avril, 16h00 \u2013 Mur, de Kasia Smutniak;<\/li>\n<li>samedi 27 avril, 14h00 \u2013 La seconda via, de Alessandro Garilli;<\/li>\n<li>samedi 27 avril, 19h00 \u2013 Sarura, de Nicola Zambelli;<\/li>\n<li>dimanche 28 avril, 18h00 \u2013 Io Capitano, de Matteo Garrone.<\/li>\n<\/ul>\n","protected":false},"excerpt":{"rendered":"L&rsquo;Institut culturel italien d&rsquo;Alger a le plaisir d&rsquo;annoncer la participation de l&rsquo;Italie \u00e0 la quatri\u00e8me \u00e9dition du Festival international du film d&rsquo;Annaba, qui se tiendra du 24 au 30 avril \u00e0 Annaba. L&rsquo;Italie sera pr\u00e9sente les jours suivants : mercredi 24 avril, 21h00 \u2013 Il sol dell\u2019avvenire, de Nanni Moretti; vendredi 26 avril, 11h00 \u2013 [&hellip;]","protected":false},"author":4,"featured_media":0,"comment_status":"closed","ping_status":"closed","sticky":false,"template":"","format":"standard","meta":{"footnotes":""},"tags":[],"class_list":["post-3555","post","type-post","status-publish","format-standard","hentry"],"_links":{"self":[{"href":"https:\/\/iicalgeri.esteri.it\/fr\/wp-json\/wp\/v2\/posts\/3555","targetHints":{"allow":["GET"]}}],"collection":[{"href":"https:\/\/iicalgeri.esteri.it\/fr\/wp-json\/wp\/v2\/posts"}],"about":[{"href":"https:\/\/iicalgeri.esteri.it\/fr\/wp-json\/wp\/v2\/types\/post"}],"author":[{"embeddable":true,"href":"https:\/\/iicalgeri.esteri.it\/fr\/wp-json\/wp\/v2\/users\/4"}],"replies":[{"embeddable":true,"href":"https:\/\/iicalgeri.esteri.it\/fr\/wp-json\/wp\/v2\/comments?post=3555"}],"version-history":[{"count":1,"href":"https:\/\/iicalgeri.esteri.it\/fr\/wp-json\/wp\/v2\/posts\/3555\/revisions"}],"predecessor-version":[{"id":3557,"href":"https:\/\/iicalgeri.esteri.it\/fr\/wp-json\/wp\/v2\/posts\/3555\/revisions\/3557"}],"wp:attachment":[{"href":"https:\/\/iicalgeri.esteri.it\/fr\/wp-json\/wp\/v2\/media?parent=3555"}],"wp:term":[{"taxonomy":"post_tag","embeddable":true,"href":"https:\/\/iicalgeri.esteri.it\/fr\/wp-json\/wp\/v2\/tags?post=3555"}],"curies":[{"name":"wp","href":"https:\/\/api.w.org\/{rel}","templated":true}]}}