{"id":3168,"date":"2024-03-19T14:53:36","date_gmt":"2024-03-19T13:53:36","guid":{"rendered":"https:\/\/iicalgeri.esteri.it\/?p=3168"},"modified":"2024-03-24T12:24:28","modified_gmt":"2024-03-24T11:24:28","slug":"italian-design-day-aupres-de-lambassade-ditalie-en-algerie","status":"publish","type":"post","link":"https:\/\/iicalgeri.esteri.it\/fr\/news\/dall_istituto\/2024\/03\/italian-design-day-aupres-de-lambassade-ditalie-en-algerie\/","title":{"rendered":"Italian Design Day aupr\u00e8s de l&rsquo;Ambassade d&rsquo;Italie en Alg\u00e9rie"},"content":{"rendered":"<p>Dans le cadre de la huiti\u00e8me \u00e9dition de la \u00ab\u00a0Journ\u00e9e du design italien\u00a0\u00bb, qui c\u00e9l\u00e8bre le design comme l&rsquo;une des r\u00e9alisations italiennes de niveau mondial, l&rsquo;ambassade d&rsquo;Italie en Alg\u00e9rie a organis\u00e9 une conf\u00e9rence au th\u00e9\u00e2tre de l&rsquo;ambassade le 18 mars, en collaboration avec l&rsquo;Agence pour la promotion \u00e0 l&rsquo;\u00e9tranger et l&rsquo;internationalisation des entreprises italiennes ICE et l&rsquo;Institut culturel italien. La conf\u00e9rence, intitul\u00e9e \u00ab\u00a0Le design italien entre fonction et po\u00e9sie\u00a0\u00bb, a comport\u00e9 des interventions du professeur Mario Trimarchi, designer et architecte italien, et du Dr Asma Banbouhedja, architecte et coordinatrice du Master en Design et Environnement Urbain \u00e0 l&rsquo;Universit\u00e9 de Constantina 3, o\u00f9 le professeur Trimarchi avait lui-m\u00eame donn\u00e9 une conf\u00e9rence le 17 mars.<\/p>\n<p><a href=\"https:\/\/iicalgeri.esteri.it\/wp-content\/uploads\/2024\/03\/CatalogoIDD2024-singole-compressed.pdf\">Ci-joint le catalogue.<\/a><\/p>\n<p>&nbsp;<\/p>\n","protected":false},"excerpt":{"rendered":"Dans le cadre de la huiti\u00e8me \u00e9dition de la \u00ab\u00a0Journ\u00e9e du design italien\u00a0\u00bb, qui c\u00e9l\u00e8bre le design comme l&rsquo;une des r\u00e9alisations italiennes de niveau mondial, l&rsquo;ambassade d&rsquo;Italie en Alg\u00e9rie a organis\u00e9 une conf\u00e9rence au th\u00e9\u00e2tre de l&rsquo;ambassade le 18 mars, en collaboration avec l&rsquo;Agence pour la promotion \u00e0 l&rsquo;\u00e9tranger et l&rsquo;internationalisation des entreprises italiennes ICE [&hellip;]","protected":false},"author":4,"featured_media":0,"comment_status":"closed","ping_status":"closed","sticky":false,"template":"","format":"standard","meta":{"footnotes":""},"tags":[],"class_list":["post-3168","post","type-post","status-publish","format-standard","hentry"],"_links":{"self":[{"href":"https:\/\/iicalgeri.esteri.it\/fr\/wp-json\/wp\/v2\/posts\/3168","targetHints":{"allow":["GET"]}}],"collection":[{"href":"https:\/\/iicalgeri.esteri.it\/fr\/wp-json\/wp\/v2\/posts"}],"about":[{"href":"https:\/\/iicalgeri.esteri.it\/fr\/wp-json\/wp\/v2\/types\/post"}],"author":[{"embeddable":true,"href":"https:\/\/iicalgeri.esteri.it\/fr\/wp-json\/wp\/v2\/users\/4"}],"replies":[{"embeddable":true,"href":"https:\/\/iicalgeri.esteri.it\/fr\/wp-json\/wp\/v2\/comments?post=3168"}],"version-history":[{"count":3,"href":"https:\/\/iicalgeri.esteri.it\/fr\/wp-json\/wp\/v2\/posts\/3168\/revisions"}],"predecessor-version":[{"id":3257,"href":"https:\/\/iicalgeri.esteri.it\/fr\/wp-json\/wp\/v2\/posts\/3168\/revisions\/3257"}],"wp:attachment":[{"href":"https:\/\/iicalgeri.esteri.it\/fr\/wp-json\/wp\/v2\/media?parent=3168"}],"wp:term":[{"taxonomy":"post_tag","embeddable":true,"href":"https:\/\/iicalgeri.esteri.it\/fr\/wp-json\/wp\/v2\/tags?post=3168"}],"curies":[{"name":"wp","href":"https:\/\/api.w.org\/{rel}","templated":true}]}}