{"id":2588,"date":"2024-01-17T09:49:41","date_gmt":"2024-01-17T08:49:41","guid":{"rendered":"https:\/\/iicalgeri.esteri.it\/?p=2588"},"modified":"2024-01-18T14:08:08","modified_gmt":"2024-01-18T13:08:08","slug":"reprise-des-cours-de-langue-et-de-culture-italiennes","status":"publish","type":"post","link":"https:\/\/iicalgeri.esteri.it\/fr\/news\/dall_istituto\/2024\/01\/reprise-des-cours-de-langue-et-de-culture-italiennes\/","title":{"rendered":"Reprise des cours de langue et de culture italienne"},"content":{"rendered":"<p>L&rsquo;Institut culturel italien a le plaisir d&rsquo;annoncer le d\u00e9but de la session d&rsquo;hiver des cours de langue italienne, du 12 janvier au 8 avril. Les cours, structur\u00e9s en 10 niveaux, s&rsquo;inspirent du Cadre europ\u00e9en commun de r\u00e9f\u00e9rence pour les langues et couvrent tous les niveaux, du A1 au C2.<\/p>\n<p>Les cours propos\u00e9s se tiennent en semaine ou le week-end, avec un nombre d&rsquo;heures variable, de 4 \u00e0 6 heures par semaine.<\/p>\n<p>L&rsquo;inscription aux cours garantit l&rsquo;acc\u00e8s et l&rsquo;utilisation gratuite de la biblioth\u00e8que pendant toute la dur\u00e9e du cours choisi.<\/p>\n<p>Veuillez noter que les inscriptions pour la prochaine session auront lieu en mars.<\/p>\n<p>Pour plus d&rsquo;informations sur les cours, veuillez appeler le +213. 23. 053278 ou envoyez un courriel \u00e0 iicalgeri@esteri.it.<\/p>\n","protected":false},"excerpt":{"rendered":"L&rsquo;Institut culturel italien a le plaisir d&rsquo;annoncer le d\u00e9but de la session d&rsquo;hiver des cours de langue italienne, du 12 janvier au 8 avril. Les cours, structur\u00e9s en 10 niveaux, s&rsquo;inspirent du Cadre europ\u00e9en commun de r\u00e9f\u00e9rence pour les langues et couvrent tous les niveaux, du A1 au C2. Les cours propos\u00e9s se tiennent en [&hellip;]","protected":false},"author":4,"featured_media":2595,"comment_status":"closed","ping_status":"closed","sticky":false,"template":"","format":"standard","meta":{"footnotes":""},"tags":[],"class_list":["post-2588","post","type-post","status-publish","format-standard","has-post-thumbnail","hentry"],"_links":{"self":[{"href":"https:\/\/iicalgeri.esteri.it\/fr\/wp-json\/wp\/v2\/posts\/2588","targetHints":{"allow":["GET"]}}],"collection":[{"href":"https:\/\/iicalgeri.esteri.it\/fr\/wp-json\/wp\/v2\/posts"}],"about":[{"href":"https:\/\/iicalgeri.esteri.it\/fr\/wp-json\/wp\/v2\/types\/post"}],"author":[{"embeddable":true,"href":"https:\/\/iicalgeri.esteri.it\/fr\/wp-json\/wp\/v2\/users\/4"}],"replies":[{"embeddable":true,"href":"https:\/\/iicalgeri.esteri.it\/fr\/wp-json\/wp\/v2\/comments?post=2588"}],"version-history":[{"count":2,"href":"https:\/\/iicalgeri.esteri.it\/fr\/wp-json\/wp\/v2\/posts\/2588\/revisions"}],"predecessor-version":[{"id":2594,"href":"https:\/\/iicalgeri.esteri.it\/fr\/wp-json\/wp\/v2\/posts\/2588\/revisions\/2594"}],"wp:featuredmedia":[{"embeddable":true,"href":"https:\/\/iicalgeri.esteri.it\/fr\/wp-json\/wp\/v2\/media\/2595"}],"wp:attachment":[{"href":"https:\/\/iicalgeri.esteri.it\/fr\/wp-json\/wp\/v2\/media?parent=2588"}],"wp:term":[{"taxonomy":"post_tag","embeddable":true,"href":"https:\/\/iicalgeri.esteri.it\/fr\/wp-json\/wp\/v2\/tags?post=2588"}],"curies":[{"name":"wp","href":"https:\/\/api.w.org\/{rel}","templated":true}]}}