{"id":2396,"date":"2024-01-14T11:57:49","date_gmt":"2024-01-14T10:57:49","guid":{"rendered":"https:\/\/iicalgeri.esteri.it\/?p=2396"},"modified":"2024-01-17T09:11:06","modified_gmt":"2024-01-17T08:11:06","slug":"projet-de-la-residence-calvino-a-dar-abdelatif-avec-ginevra-latini","status":"publish","type":"post","link":"https:\/\/iicalgeri.esteri.it\/fr\/news\/dall_istituto\/2024\/01\/projet-de-la-residence-calvino-a-dar-abdelatif-avec-ginevra-latini\/","title":{"rendered":"Projet de la \u00abR\u00e9sidence Calvino\u00bb \u00e0 Dar Abdelatif avec Ginevra Latini"},"content":{"rendered":"<p style=\"text-align: center;\"><strong>Prix \u00ab\u00a0R\u00e9sidence Calvino\u00a0\u00bb \u00e0 Dar Abdelatif<\/strong><\/p>\n<p style=\"text-align: center;\"><strong>avec Ginevra Latini<\/strong><\/p>\n<p style=\"text-align: center;\"><strong>10 janvier &#8211; 10 f\u00e9vrier 2024<\/strong><\/p>\n<p style=\"text-align: center;\"><strong>Dar Abdelatif \u2013 AARC<\/strong><\/p>\n<p>Au cours de nombreuses conf\u00e9rences organis\u00e9es cette ann\u00e9e pour c\u00e9l\u00e9brer le centenaire de la naissance de Calvino, il a \u00e9t\u00e9 d\u00e9montr\u00e9 que l\u2019\u00e9crivain italien est, encore aujourd\u2019hui, un mod\u00e8le mondial d\u2019\u00e9criture de nouvelles et de romans. Mais il est, tout d\u2019abord, un intellectuel important pour certaines r\u00e9flexions qui concernent d\u2019autres disciplines que la litt\u00e9rature comme les arts, la technologie\u2026<\/p>\n<p>L\u2019Institut Culturel Italien d\u2019Alger en collaboration avec l\u2019Agence Alg\u00e9rienne pour le Rayonnement Culturel a le plaisir de vous informer que dans le cadre du Prix \u00ab\u00a0R\u00e9sidence Calvino \u2013 Alger\u00a0\u00bb, du 10 janvier au 10 f\u00e9vrier 2024, l\u2019\u00e9crivaine Ginevra Latini, invit\u00e9e par l\u2019AARC, m\u00e8nera un double projet de recherche sur<\/p>\n<ol>\n<li>La r\u00e9ception de Calvino en Alg\u00e9rie<\/li>\n<li>L\u2019Alg\u00e9rie dans la po\u00e9tique de Calvino<\/li>\n<\/ol>\n<p>en mettant en \u00e9vidence, d\u2019une part, l\u2019influence de Calvino dans des milieux et des cultures outre que les siens et, d\u2019autre part, son appel au dialogue des savoirs dans une perspective interdisciplinaire.<\/p>\n<p><strong>Note sur la promotrice:<\/strong><\/p>\n<p>Ginevra Latini, docteure en langue italienne et ardente promotrice de la langue et de la culture italiennes, a valid\u00e9 son doctorat \u00e0 l\u2019Universit\u00e9 pour \u00c9trangers de Sienne. Sa r\u00e9cente recherche, consacr\u00e9e \u00e0 l\u2019analyse de la r\u00e9ception de Lucr\u00e8ce, Ovide et Pline l\u2019Ancien chez Italo Calvino, a \u00e9t\u00e9 r\u00e9cemment publi\u00e9e sous forme de monographie par Pacini Editions. Dans le cadre du Laboratoire Calvino \u00e0 l\u2019Universit\u00e9 La Sapienza de Rome, o\u00f9 elle a \u00e9galement obtenu son dipl\u00f4me en Philologie moderne, elle a enrichi son parcours acad\u00e9mique. Ses publications incluent des articles portant sur les auteurs italiens et europ\u00e9ens de la deuxi\u00e8me moiti\u00e9 du XXe si\u00e8cle, ainsi que des traductions du latin de certaines \u0153uvres d\u2019Ovide.<\/p>\n<p><strong>Note sur la r\u00e9sidence:<\/strong><\/p>\n<p>La premi\u00e8re enqu\u00eate vise \u00e0 d\u00e9velopper une \u00e9tude in\u00e9dite en essayant de r\u00e9pondre aux questions suivantes: quand et comment les livres de Calvino sont-ils arriv\u00e9s en Alg\u00e9rie ? Quel est le livre le plus lu ? Dans quelles langues et dans quelles \u00e9ditions Calvino est-il \u00e9tudi\u00e9 ? Quels aspects de la po\u00e9tique calvinienne sont inspirants ? Il sera possible de r\u00e9pondre \u00e0 ces questions par le biais de rencontres avec des auteurs alg\u00e9riens, des conf\u00e9rences, des tables rondes, des podcasts et des vid\u00e9os. En m\u00eame temps, il sera possible d\u2019\u00e9tendre cette m\u00e9thode d\u2019investigation aux \u0153uvres des artistes qui pr\u00e9tendent s\u2019\u00eatre inspir\u00e9s d\u2019Italo Calvino.<\/p>\n<p>Deuxi\u00e8mement, la relation de Calvino avec l\u2019Alg\u00e9rie sera reconstruite. Afin de permettre au public le plus large de b\u00e9n\u00e9ficier des r\u00e9sultats de la recherche, des rencontres informatives seront propos\u00e9es avec des experts et \u00e9crivains alg\u00e9riens sur les r\u00e9sultats de la recherche m\u00eame, une pr\u00e9sentation du travail doctoral de Madame Genivra, r\u00e9cemment publi\u00e9, et quelques enseignements pour des cours de Langues et Litt\u00e9rature Italienne des Universit\u00e9s d\u2019Alger. Il est pr\u00e9vu \u00e9galement d\u2019impliquer les \u00e9tudiants de langue italienne de l\u2019Institut Culturel Italien en lisant et en commentant des passages de certaines \u0153uvres de Calvino.<\/p>\n","protected":false},"excerpt":{"rendered":"Prix \u00ab\u00a0R\u00e9sidence Calvino\u00a0\u00bb \u00e0 Dar Abdelatif avec Ginevra Latini 10 janvier &#8211; 10 f\u00e9vrier 2024 Dar Abdelatif \u2013 AARC Au cours de nombreuses conf\u00e9rences organis\u00e9es cette ann\u00e9e pour c\u00e9l\u00e9brer le centenaire de la naissance de Calvino, il a \u00e9t\u00e9 d\u00e9montr\u00e9 que l\u2019\u00e9crivain italien est, encore aujourd\u2019hui, un mod\u00e8le mondial d\u2019\u00e9criture de nouvelles et de romans. [&hellip;]","protected":false},"author":4,"featured_media":2408,"comment_status":"closed","ping_status":"closed","sticky":false,"template":"","format":"standard","meta":{"footnotes":""},"tags":[],"class_list":["post-2396","post","type-post","status-publish","format-standard","has-post-thumbnail","hentry"],"_links":{"self":[{"href":"https:\/\/iicalgeri.esteri.it\/fr\/wp-json\/wp\/v2\/posts\/2396","targetHints":{"allow":["GET"]}}],"collection":[{"href":"https:\/\/iicalgeri.esteri.it\/fr\/wp-json\/wp\/v2\/posts"}],"about":[{"href":"https:\/\/iicalgeri.esteri.it\/fr\/wp-json\/wp\/v2\/types\/post"}],"author":[{"embeddable":true,"href":"https:\/\/iicalgeri.esteri.it\/fr\/wp-json\/wp\/v2\/users\/4"}],"replies":[{"embeddable":true,"href":"https:\/\/iicalgeri.esteri.it\/fr\/wp-json\/wp\/v2\/comments?post=2396"}],"version-history":[{"count":2,"href":"https:\/\/iicalgeri.esteri.it\/fr\/wp-json\/wp\/v2\/posts\/2396\/revisions"}],"predecessor-version":[{"id":2539,"href":"https:\/\/iicalgeri.esteri.it\/fr\/wp-json\/wp\/v2\/posts\/2396\/revisions\/2539"}],"wp:featuredmedia":[{"embeddable":true,"href":"https:\/\/iicalgeri.esteri.it\/fr\/wp-json\/wp\/v2\/media\/2408"}],"wp:attachment":[{"href":"https:\/\/iicalgeri.esteri.it\/fr\/wp-json\/wp\/v2\/media?parent=2396"}],"wp:term":[{"taxonomy":"post_tag","embeddable":true,"href":"https:\/\/iicalgeri.esteri.it\/fr\/wp-json\/wp\/v2\/tags?post=2396"}],"curies":[{"name":"wp","href":"https:\/\/api.w.org\/{rel}","templated":true}]}}